{"id":6870,"date":"2020-11-10T10:52:16","date_gmt":"2020-11-10T09:52:16","guid":{"rendered":"https:\/\/www.samhallssakerhet.se\/?p=6870"},"modified":"2021-08-18T11:51:50","modified_gmt":"2021-08-18T09:51:50","slug":"krisen-ar-alltid-steget-fore-oss","status":"publish","type":"post","link":"https:\/\/www.samhallssakerhet.se\/sv\/2020\/11\/10\/krisen-ar-alltid-steget-fore-oss\/","title":{"rendered":"&#8221;Krisen&#8221; \u00e4r alltid steget f\u00f6re oss"},"content":{"rendered":"\t\t<div data-elementor-type=\"wp-post\" data-elementor-id=\"6870\" class=\"elementor elementor-6870\" data-elementor-post-type=\"post\">\n\t\t\t\t\t\t<section class=\"elementor-section elementor-top-section elementor-element elementor-element-227b43f elementor-section-stretched elementor-section-height-min-height elementor-section-boxed elementor-section-height-default elementor-section-items-middle\" data-id=\"227b43f\" data-element_type=\"section\" data-settings=\"{&quot;stretch_section&quot;:&quot;section-stretched&quot;,&quot;background_background&quot;:&quot;classic&quot;}\">\n\t\t\t\t\t\t\t<div class=\"elementor-background-overlay\"><\/div>\n\t\t\t\t\t\t\t<div class=\"elementor-container elementor-column-gap-default\">\n\t\t\t\t\t<div class=\"elementor-column elementor-col-100 elementor-top-column elementor-element elementor-element-091e00c\" data-id=\"091e00c\" data-element_type=\"column\">\n\t\t\t<div class=\"elementor-widget-wrap elementor-element-populated\">\n\t\t\t\t\t\t<div class=\"elementor-element elementor-element-cfeba7c elementor-widget elementor-widget-theme-post-title elementor-page-title elementor-widget-heading\" data-id=\"cfeba7c\" data-element_type=\"widget\" data-widget_type=\"theme-post-title.default\">\n\t\t\t\t<div class=\"elementor-widget-container\">\n\t\t\t\t\t<h1 class=\"elementor-heading-title elementor-size-default\">&#8221;Krisen&#8221; \u00e4r alltid steget f\u00f6re oss<\/h1>\t\t\t\t<\/div>\n\t\t\t\t<\/div>\n\t\t\t\t\t<\/div>\n\t\t<\/div>\n\t\t\t\t\t<\/div>\n\t\t<\/section>\n\t\t\t\t<section class=\"elementor-section elementor-top-section elementor-element elementor-element-0ab649f elementor-section-boxed elementor-section-height-default elementor-section-height-default\" data-id=\"0ab649f\" data-element_type=\"section\">\n\t\t\t\t\t\t<div class=\"elementor-container elementor-column-gap-default\">\n\t\t\t\t\t<div class=\"elementor-column elementor-col-66 elementor-top-column elementor-element elementor-element-73d73cf\" data-id=\"73d73cf\" data-element_type=\"column\" data-settings=\"{&quot;background_background&quot;:&quot;classic&quot;}\">\n\t\t\t<div class=\"elementor-widget-wrap elementor-element-populated\">\n\t\t\t\t\t\t<div class=\"elementor-element elementor-element-4ec2874 elementor-widget elementor-widget-image\" data-id=\"4ec2874\" data-element_type=\"widget\" data-widget_type=\"image.default\">\n\t\t\t\t<div class=\"elementor-widget-container\">\n\t\t\t\t\t\t\t\t\t\t\t\t<figure class=\"wp-caption\">\n\t\t\t\t\t\t\t\t\t\t<img decoding=\"async\" width=\"150\" height=\"150\" src=\"https:\/\/easyfairsassets.com\/sites\/139\/2020\/11\/Minou-rund-bild-150x150.png\" class=\"attachment-thumbnail size-thumbnail wp-image-8429\" alt=\"\" srcset=\"https:\/\/easyfairsassets.com\/sites\/139\/2020\/11\/Minou-rund-bild-150x150.png 150w, https:\/\/easyfairsassets.com\/sites\/139\/2020\/11\/Minou-rund-bild.png 300w\" sizes=\"(max-width: 150px) 100vw, 150px\" \/>\t\t\t\t\t\t\t\t\t\t\t<figcaption class=\"widget-image-caption wp-caption-text\">Minou Sadeghpour, ledningsstrateg och stabchef i krisorganisationen, Sigtuna kommun<\/figcaption>\n\t\t\t\t\t\t\t\t\t\t<\/figure>\n\t\t\t\t\t\t\t\t\t<\/div>\n\t\t\t\t<\/div>\n\t\t\t\t<div class=\"elementor-element elementor-element-a8a337a elementor-widget elementor-widget-text-editor\" data-id=\"a8a337a\" data-element_type=\"widget\" data-widget_type=\"text-editor.default\">\n\t\t\t\t<div class=\"elementor-widget-container\">\n\t\t\t\t\t\t\t\t\t<p><span style=\"font-weight: bold;color: windowtext\">Vad ser du mest fram emot i din yrkesroll det kommande \u00e5ret<\/span><b>?<br \/><\/b><span style=\"font-size: 15px\">Jag ser fram emot att delta i en samh\u00e4llsutveckling som g\u00e5r i r\u00e4tt riktning. Kriser och fr\u00e5gan om hur vi bygger trygga och robusta samh\u00e4llen kommer aldrig att sluta vara aktuell men verktygen f\u00f6r att hantera fr\u00e5gan kan bara bli b\u00e4ttre. H\u00e4r tror jag att 2020 \u00a0kommer att f\u00f6ra med sig innovativa l\u00f6sningar f\u00f6r ett s\u00e4krare Sverige.<\/span><\/p><p><b>Varf\u00f6r tycker du att det \u00e4r viktigt att ta del av M\u00f6tesplats Samh\u00e4llss\u00e4kerhet f\u00f6r att skapa ett s\u00e4krare Sverige?<br \/><\/b><span style=\"color: #1f497d;font-size: 15px\">Det \u00e4r viktigt av flera sk\u00e4l. Men framf\u00f6rallt f\u00f6r att dela erfarenheter och tankar kring hur vi blir b\u00e4ttre och starkare tillsammans. Utmaningarna p\u00e5 omr\u00e5det blir inte f\u00e4rre och stundtals tycker jag att det kan k\u00e4nnas som att \u201dkrisen\u201d alltid ligger steget f\u00f6re oss. Men oavsett om vi pratar krisberedskap och samh\u00e4llets motst\u00e5ndskraft eller samh\u00e4llet i gr\u00e5zon och krig (som dessutom \u00e4r M\u00f6tesplatsen teman) s\u00e5 \u00e4r jag \u00f6vertygad om att m\u00f6tet i fr\u00e5gan blir avg\u00f6rande f\u00f6r allas v\u00e5rt gemensamma slutm\u00e5l dvs ett s\u00e4krare Sverige.<\/span><\/p><p><b>Vilka tre fr\u00e4msta l\u00e4rdomar har du gjort i din yrkesroll \u00e5r 2020?<br \/><\/b><span style=\"color: #1f497d;font-size: 15px\">F\u00f6r det f\u00f6rsta, ta inget f\u00f6r givet. Pandemin slog fr\u00e5n en dag till en annan omkull det som \u00e4r s\u00e5 l\u00e4tt att ta f\u00f6r givet tex m\u00f6tet mellan oss m\u00e4nniskor. Den andra l\u00e4rdomen \u00e4r arbetet f\u00f6r ett s\u00e4krare Sverige aldrig f\u00e5r avstanna, en p\u00e5g\u00e5ende pandemi utesluter inte att andra kriser intr\u00e4ffar. Den tredje l\u00e4rdomen \u00e4r att processen kring civilt f\u00f6rsvar inte alltid \u00e4r enkel och m\u00e5ste bli mer inkluderande.\u00a0<\/span><\/p>\t\t\t\t\t\t\t\t<\/div>\n\t\t\t\t<\/div>\n\t\t\t\t\t<\/div>\n\t\t<\/div>\n\t\t\t\t<div class=\"elementor-column elementor-col-33 elementor-top-column elementor-element elementor-element-9c3b7eb\" data-id=\"9c3b7eb\" data-element_type=\"column\">\n\t\t\t<div class=\"elementor-widget-wrap elementor-element-populated\">\n\t\t\t\t\t\t<div class=\"elementor-element elementor-element-e9fe183 elementor-widget elementor-widget-heading\" data-id=\"e9fe183\" data-element_type=\"widget\" data-widget_type=\"heading.default\">\n\t\t\t\t<div class=\"elementor-widget-container\">\n\t\t\t\t\t<h4 class=\"elementor-heading-title elementor-size-default\">Dela inl\u00e4gget:<\/h4>\t\t\t\t<\/div>\n\t\t\t\t<\/div>\n\t\t\t\t<div class=\"elementor-element elementor-element-6622fc2 elementor-share-buttons--view-icon elementor-share-buttons--color-custom elementor-share-buttons--skin-minimal elementor-share-buttons--shape-circle elementor-grid-0 elementor-widget elementor-widget-share-buttons\" data-id=\"6622fc2\" data-element_type=\"widget\" data-widget_type=\"share-buttons.default\">\n\t\t\t\t<div class=\"elementor-widget-container\">\n\t\t\t\t\t\t\t<div class=\"elementor-grid\" role=\"list\">\n\t\t\t\t\t\t\t\t<div class=\"elementor-grid-item\" role=\"listitem\">\n\t\t\t\t\t\t<div class=\"elementor-share-btn elementor-share-btn_facebook\" role=\"button\" tabindex=\"0\" aria-label=\"Share on facebook\">\n\t\t\t\t\t\t\t\t\t\t\t\t\t\t\t<span class=\"elementor-share-btn__icon\">\n\t\t\t\t\t\t\t\t<i class=\"fab fa-facebook\" aria-hidden=\"true\"><\/i>\t\t\t\t\t\t\t<\/span>\n\t\t\t\t\t\t\t\t\t\t\t\t\t\t\t\t\t\t\t\t<\/div>\n\t\t\t\t\t<\/div>\n\t\t\t\t\t\t\t\t\t<div class=\"elementor-grid-item\" role=\"listitem\">\n\t\t\t\t\t\t<div class=\"elementor-share-btn elementor-share-btn_linkedin\" role=\"button\" tabindex=\"0\" aria-label=\"Share on linkedin\">\n\t\t\t\t\t\t\t\t\t\t\t\t\t\t\t<span class=\"elementor-share-btn__icon\">\n\t\t\t\t\t\t\t\t<i class=\"fab fa-linkedin\" aria-hidden=\"true\"><\/i>\t\t\t\t\t\t\t<\/span>\n\t\t\t\t\t\t\t\t\t\t\t\t\t\t\t\t\t\t\t\t<\/div>\n\t\t\t\t\t<\/div>\n\t\t\t\t\t\t<\/div>\n\t\t\t\t\t\t<\/div>\n\t\t\t\t<\/div>\n\t\t\t\t<div class=\"elementor-element elementor-element-1a55ef2 elementor-widget elementor-widget-heading\" data-id=\"1a55ef2\" data-element_type=\"widget\" data-widget_type=\"heading.default\">\n\t\t\t\t<div class=\"elementor-widget-container\">\n\t\t\t\t\t<h4 class=\"elementor-heading-title elementor-size-default\">Senaste:<\/h4>\t\t\t\t<\/div>\n\t\t\t\t<\/div>\n\t\t\t\t<div class=\"elementor-element elementor-element-77fd701 elementor-grid-1 elementor-grid-tablet-2 elementor-grid-mobile-1 elementor-posts--thumbnail-header elementor-card-shadow-yes elementor-posts__hover-gradient elementor-widget elementor-widget-posts\" data-id=\"77fd701\" data-element_type=\"widget\" data-settings=\"{&quot;cards_wex_columns&quot;:&quot;1&quot;,&quot;cards_wex_columns_tablet&quot;:&quot;2&quot;,&quot;cards_wex_columns_mobile&quot;:&quot;1&quot;,&quot;cards_wex_row_gap&quot;:{&quot;unit&quot;:&quot;px&quot;,&quot;size&quot;:35,&quot;sizes&quot;:[]},&quot;cards_wex_row_gap_tablet&quot;:{&quot;unit&quot;:&quot;px&quot;,&quot;size&quot;:&quot;&quot;,&quot;sizes&quot;:[]},&quot;cards_wex_row_gap_mobile&quot;:{&quot;unit&quot;:&quot;px&quot;,&quot;size&quot;:&quot;&quot;,&quot;sizes&quot;:[]}}\" data-widget_type=\"posts.cards_wex\">\n\t\t\t\t<div class=\"elementor-widget-container\">\n\t\t\t\t\t\t\t<div class=\"elementor-posts-container elementor-posts elementor-posts--skin-cards elementor-grid\" role=\"list\">\n\t\t\t\t<article class=\"elementor-post elementor-grid-item post-51962 post type-post status-publish format-standard has-post-thumbnail hentry category-okategoriserad\" role=\"listitem\">\n\t\t\t<div class=\"elementor-post__card\">\n\t\t        <a class=\"elementor-post__thumbnail__link\" href=\"https:\/\/www.samhallssakerhet.se\/sv\/2026\/03\/12\/utan-ideella-krafter-stannar-sverige-sar-sweden-visar-vad-samhallsnytta-betyder-i-praktiken\/\">\n            <div class=\"elementor-post__thumbnail\"><img fetchpriority=\"high\" decoding=\"async\" width=\"300\" height=\"186\" src=\"https:\/\/easyfairsassets.com\/sites\/139\/2026\/03\/Blogg_SAR-300x186.png\" class=\"attachment-medium size-medium wp-image-51983\" alt=\"SAR\" srcset=\"https:\/\/easyfairsassets.com\/sites\/139\/2026\/03\/Blogg_SAR-300x186.png 300w, https:\/\/easyfairsassets.com\/sites\/139\/2026\/03\/Blogg_SAR.png 485w\" sizes=\"(max-width: 300px) 100vw, 300px\" \/><\/div>\n        <\/a>\n                    <div class=\"elementor-post__badge\">M\u00f6tesplats Samh\u00e4llss\u00e4kerhet<\/div>\n             <div data-type=\"post\" data-id=\"51962\" data-nonce=\"3567105aa3\" class=\"elementor-post__badge btn_feedback easyfairs_like post notsaved left\" tabindex=\"51962\" ><i class=\"fa fa-star-o\" aria-hidden=\"true\"><\/i><\/div>\t\t<div class=\"elementor-post__text\">\n\t\t\t\t<h3 class=\"elementor-post__title\">\n\t\t\t<a href=\"https:\/\/www.samhallssakerhet.se\/sv\/2026\/03\/12\/utan-ideella-krafter-stannar-sverige-sar-sweden-visar-vad-samhallsnytta-betyder-i-praktiken\/\" >\n\t\t\t\tUtan ideella krafter stannar Sverige \u2013 SAR Sweden visar vad samh\u00e4llsnytta betyder i praktiken\t\t\t<\/a>\n\t\t<\/h3>\n\t\t        <a href=\"https:\/\/www.samhallssakerhet.se\/sv\/2026\/03\/12\/utan-ideella-krafter-stannar-sverige-sar-sweden-visar-vad-samhallsnytta-betyder-i-praktiken\/\" class=\"elementor-post__excerpt\">\n            <p>Utan ideella krafter stannar Sverige SAR Sweden visar vad samh\u00e4llsnytta betyder i praktiken Inf\u00f6r M\u00f6tesplats Samh\u00e4llss\u00e4kerhet har vi tr\u00e4ffat Daniel Sandberg, grundare av SAR Sweden,<\/p>\n        <\/a>\n        \n\t\t<a class=\"elementor-post__read-more\" href=\"https:\/\/www.samhallssakerhet.se\/sv\/2026\/03\/12\/utan-ideella-krafter-stannar-sverige-sar-sweden-visar-vad-samhallsnytta-betyder-i-praktiken\/\" aria-label=\"Read more about Utan ideella krafter stannar Sverige \u2013 SAR Sweden visar vad samh\u00e4llsnytta betyder i praktiken\" tabindex=\"-1\" >\n\t\t\tL\u00e4s mer \u00bb\t\t<\/a>\n\n\t\t        <div class=\"elementor-post__meta-data\">\n            \t\t<span class=\"elementor-post-date\">\n\t\t\t12 mars, 2026\t\t<\/span>\n\t\t        <\/div>\n        \t\t<\/div>\n\t\t\t\t\t<\/div>\n\t\t<\/article>\n\t\t\t\t<article class=\"elementor-post elementor-grid-item post-51945 post type-post status-publish format-standard has-post-thumbnail hentry category-okategoriserad\" role=\"listitem\">\n\t\t\t<div class=\"elementor-post__card\">\n\t\t        <a class=\"elementor-post__thumbnail__link\" href=\"https:\/\/www.samhallssakerhet.se\/sv\/2026\/03\/11\/elementor-51945\/\">\n            <div class=\"elementor-post__thumbnail\"><img decoding=\"async\" width=\"300\" height=\"186\" src=\"https:\/\/easyfairsassets.com\/sites\/139\/2025\/10\/Blogg_Kultur-och-Kvalitet-300x186.png\" class=\"attachment-medium size-medium wp-image-51954\" alt=\"Kultur och Kvalitet\" srcset=\"https:\/\/easyfairsassets.com\/sites\/139\/2025\/10\/Blogg_Kultur-och-Kvalitet-300x186.png 300w, https:\/\/easyfairsassets.com\/sites\/139\/2025\/10\/Blogg_Kultur-och-Kvalitet.png 485w\" sizes=\"(max-width: 300px) 100vw, 300px\" \/><\/div>\n        <\/a>\n                    <div class=\"elementor-post__badge\">M\u00f6tesplats Samh\u00e4llss\u00e4kerhet<\/div>\n             <div data-type=\"post\" data-id=\"51945\" data-nonce=\"c5f32d7334\" class=\"elementor-post__badge btn_feedback easyfairs_like post notsaved left\" tabindex=\"51945\" ><i class=\"fa fa-star-o\" aria-hidden=\"true\"><\/i><\/div>\t\t<div class=\"elementor-post__text\">\n\t\t\t\t<h3 class=\"elementor-post__title\">\n\t\t\t<a href=\"https:\/\/www.samhallssakerhet.se\/sv\/2026\/03\/11\/elementor-51945\/\" >\n\t\t\t\tM\u00f6t Kultur och Kvalitet p\u00e5 M\u00f6tesplats Samh\u00e4llss\u00e4kerhet 2026\t\t\t<\/a>\n\t\t<\/h3>\n\t\t        <a href=\"https:\/\/www.samhallssakerhet.se\/sv\/2026\/03\/11\/elementor-51945\/\" class=\"elementor-post__excerpt\">\n            <p>Intervju med Johanna Bergsten Kultur och Kvalitet &#8211; workshops med AVTRYCK Hur skapar vi ett tryggt samh\u00e4lle d\u00e4r alla verkligen f\u00e5r plats \u2013 ocks\u00e5 personer<\/p>\n        <\/a>\n        \n\t\t<a class=\"elementor-post__read-more\" href=\"https:\/\/www.samhallssakerhet.se\/sv\/2026\/03\/11\/elementor-51945\/\" aria-label=\"Read more about M\u00f6t Kultur och Kvalitet p\u00e5 M\u00f6tesplats Samh\u00e4llss\u00e4kerhet 2026\" tabindex=\"-1\" >\n\t\t\tL\u00e4s mer \u00bb\t\t<\/a>\n\n\t\t        <div class=\"elementor-post__meta-data\">\n            \t\t<span class=\"elementor-post-date\">\n\t\t\t11 mars, 2026\t\t<\/span>\n\t\t        <\/div>\n        \t\t<\/div>\n\t\t\t\t\t<\/div>\n\t\t<\/article>\n\t\t\t\t<article class=\"elementor-post elementor-grid-item post-51891 post type-post status-publish format-standard has-post-thumbnail hentry category-okategoriserad\" role=\"listitem\">\n\t\t\t<div class=\"elementor-post__card\">\n\t\t        <a class=\"elementor-post__thumbnail__link\" href=\"https:\/\/www.samhallssakerhet.se\/sv\/2026\/03\/05\/krisledningspodden-blir-officiell-mediepartner-till-motesplats-samhallssakerhet-2026\/\">\n            <div class=\"elementor-post__thumbnail\"><img loading=\"lazy\" decoding=\"async\" width=\"300\" height=\"186\" src=\"https:\/\/easyfairsassets.com\/sites\/139\/2026\/03\/Blogg_Krisledningspodden-300x186.png\" class=\"attachment-medium size-medium wp-image-51909\" alt=\"Krisledningspodden\" srcset=\"https:\/\/easyfairsassets.com\/sites\/139\/2026\/03\/Blogg_Krisledningspodden-300x186.png 300w, https:\/\/easyfairsassets.com\/sites\/139\/2026\/03\/Blogg_Krisledningspodden.png 485w\" sizes=\"(max-width: 300px) 100vw, 300px\" \/><\/div>\n        <\/a>\n                    <div class=\"elementor-post__badge\">M\u00f6tesplats Samh\u00e4llss\u00e4kerhet<\/div>\n             <div data-type=\"post\" data-id=\"51891\" data-nonce=\"210dc02fca\" class=\"elementor-post__badge btn_feedback easyfairs_like post notsaved left\" tabindex=\"51891\" ><i class=\"fa fa-star-o\" aria-hidden=\"true\"><\/i><\/div>\t\t<div class=\"elementor-post__text\">\n\t\t\t\t<h3 class=\"elementor-post__title\">\n\t\t\t<a href=\"https:\/\/www.samhallssakerhet.se\/sv\/2026\/03\/05\/krisledningspodden-blir-officiell-mediepartner-till-motesplats-samhallssakerhet-2026\/\" >\n\t\t\t\tKrisledningspodden blir officiell mediepartner till M\u00f6tesplats Samh\u00e4llss\u00e4kerhet 2026\t\t\t<\/a>\n\t\t<\/h3>\n\t\t        <a href=\"https:\/\/www.samhallssakerhet.se\/sv\/2026\/03\/05\/krisledningspodden-blir-officiell-mediepartner-till-motesplats-samhallssakerhet-2026\/\" class=\"elementor-post__excerpt\">\n            <p>Murphy Solution &amp; Krisledningspodden &#8211; officiell mediepartner 2026 Vi \u00e4r glada att v\u00e4lkomna Krisledningspodden som officiell mediepartner till M\u00f6tesplats Samh\u00e4llss\u00e4kerhet 2026. Syftet med samarbetet \u00e4r<\/p>\n        <\/a>\n        \n\t\t<a class=\"elementor-post__read-more\" href=\"https:\/\/www.samhallssakerhet.se\/sv\/2026\/03\/05\/krisledningspodden-blir-officiell-mediepartner-till-motesplats-samhallssakerhet-2026\/\" aria-label=\"Read more about Krisledningspodden blir officiell mediepartner till M\u00f6tesplats Samh\u00e4llss\u00e4kerhet 2026\" tabindex=\"-1\" >\n\t\t\tL\u00e4s mer \u00bb\t\t<\/a>\n\n\t\t        <div class=\"elementor-post__meta-data\">\n            \t\t<span class=\"elementor-post-date\">\n\t\t\t5 mars, 2026\t\t<\/span>\n\t\t        <\/div>\n        \t\t<\/div>\n\t\t\t\t\t<\/div>\n\t\t<\/article>\n\t\t\t\t<\/div>\n\t\t\n\t\t\t\t\t\t<\/div>\n\t\t\t\t<\/div>\n\t\t\t\t\t<\/div>\n\t\t<\/div>\n\t\t\t\t\t<\/div>\n\t\t<\/section>\n\t\t\t\t<section class=\"elementor-section elementor-top-section elementor-element elementor-element-d3e848e elementor-section-content-middle elementor-section-boxed elementor-section-height-default elementor-section-height-default\" data-id=\"d3e848e\" data-element_type=\"section\" data-settings=\"{&quot;background_background&quot;:&quot;classic&quot;,&quot;shape_divider_top&quot;:&quot;arrow&quot;}\">\n\t\t\t\t\t<div class=\"elementor-shape elementor-shape-top\" aria-hidden=\"true\" data-negative=\"false\">\n\t\t\t<svg xmlns=\"http:\/\/www.w3.org\/2000\/svg\" viewBox=\"0 0 700 10\" preserveAspectRatio=\"none\">\n\t<path class=\"elementor-shape-fill\" d=\"M350,10L340,0h20L350,10z\"\/>\n<\/svg>\t\t<\/div>\n\t\t\t\t\t<div class=\"elementor-container elementor-column-gap-no\">\n\t\t\t\t\t<div class=\"elementor-column elementor-col-50 elementor-top-column elementor-element elementor-element-0a8efe1 elementor-hidden-tablet\" data-id=\"0a8efe1\" data-element_type=\"column\">\n\t\t\t<div class=\"elementor-widget-wrap elementor-element-populated\">\n\t\t\t\t\t\t<div class=\"elementor-element elementor-element-7b2a0b4 elementor-widget elementor-widget-image\" data-id=\"7b2a0b4\" data-element_type=\"widget\" data-widget_type=\"image.default\">\n\t\t\t\t<div class=\"elementor-widget-container\">\n\t\t\t\t\t\t\t\t\t\t\t\t\t\t\t<img decoding=\"async\" src=\"https:\/\/easyfairsassets.com\/sites\/139\/2021\/03\/photo-1454165804606-c3d57bc86b40.jpeg\" title=\"\" alt=\"\" loading=\"lazy\" \/>\t\t\t\t\t\t\t\t\t\t\t\t\t\t\t<\/div>\n\t\t\t\t<\/div>\n\t\t\t\t\t<\/div>\n\t\t<\/div>\n\t\t\t\t<div class=\"elementor-column elementor-col-50 elementor-top-column elementor-element elementor-element-f0eda70\" data-id=\"f0eda70\" data-element_type=\"column\">\n\t\t\t<div class=\"elementor-widget-wrap elementor-element-populated\">\n\t\t\t\t\t\t<div class=\"elementor-element elementor-element-c060009 elementor-widget elementor-widget-heading\" data-id=\"c060009\" data-element_type=\"widget\" data-widget_type=\"heading.default\">\n\t\t\t\t<div class=\"elementor-widget-container\">\n\t\t\t\t\t<h2 class=\"elementor-heading-title elementor-size-default\">L\u00e5t oss h\u00e5lla kontakten<\/h2>\t\t\t\t<\/div>\n\t\t\t\t<\/div>\n\t\t\t\t<div class=\"elementor-element elementor-element-6441c4a elementor-widget elementor-widget-heading\" data-id=\"6441c4a\" data-element_type=\"widget\" data-widget_type=\"heading.default\">\n\t\t\t\t<div class=\"elementor-widget-container\">\n\t\t\t\t\t<h5 class=\"elementor-heading-title elementor-size-default\">Anm\u00e4l dig till v\u00e5rt nyhetsbrev nedan och f\u00e5 den senaste informationen om m\u00f6tesplatsen. <\/h5>\t\t\t\t<\/div>\n\t\t\t\t<\/div>\n\t\t\t\t<div class=\"elementor-element elementor-element-36b3712 elementor-button-align-start elementor-widget elementor-widget-form\" data-id=\"36b3712\" data-element_type=\"widget\" data-settings=\"{&quot;step_next_label&quot;:&quot;Next&quot;,&quot;step_previous_label&quot;:&quot;Previous&quot;,&quot;button_width&quot;:&quot;100&quot;,&quot;step_type&quot;:&quot;number_text&quot;,&quot;step_icon_shape&quot;:&quot;circle&quot;}\" data-widget_type=\"form.default\">\n\t\t\t\t<div class=\"elementor-widget-container\">\n\t\t\t\t\t\t\t<form class=\"elementor-form\" method=\"post\" id=\"newsletter\" name=\"New Form\" aria-label=\"New Form\">\n\t\t\t<input type=\"hidden\" name=\"post_id\" value=\"6870\"\/>\n\t\t\t<input type=\"hidden\" name=\"form_id\" value=\"36b3712\"\/>\n\t\t\t<input type=\"hidden\" name=\"referer_title\" value=\"\" \/>\n\n\t\t\t\n\t\t\t<div class=\"elementor-form-fields-wrapper elementor-labels-\">\n\t\t\t\t\t\t\t\t<div class=\"elementor-field-type-email elementor-field-group elementor-column elementor-field-group-Email elementor-col-100 elementor-field-required\">\n\t\t\t\t\t\t\t\t\t\t\t\t<label for=\"form-field-Email\" class=\"elementor-field-label elementor-screen-only\">\n\t\t\t\t\t\t\t\tE-post\t\t\t\t\t\t\t<\/label>\n\t\t\t\t\t\t\t\t\t\t\t\t\t\t<input size=\"1\" type=\"email\" name=\"form_fields[Email]\" id=\"form-field-Email\" class=\"elementor-field elementor-size-md  elementor-field-textual\" placeholder=\"E-post\" required=\"required\">\n\t\t\t\t\t\t\t\t\t\t\t<\/div>\n\t\t\t\t\t\t\t\t<div class=\"elementor-field-type-hidden elementor-field-group elementor-column elementor-field-group-Optin elementor-col-100\">\n\t\t\t\t\t\t\t\t\t\t\t\t\t<input size=\"1\" type=\"hidden\" name=\"form_fields[Optin]\" id=\"form-field-Optin\" class=\"elementor-field elementor-size-md  elementor-field-textual\" value=\"True\">\n\t\t\t\t\t\t\t\t\t\t\t<\/div>\n\t\t\t\t\t\t\t\t<div class=\"elementor-field-type-checkbox elementor-field-group elementor-column elementor-field-group-field_8e1c204 elementor-col-100\">\n\t\t\t\t\t<div class=\"elementor-field-subgroup  \"><span class=\"elementor-field-option\"><input type=\"checkbox\" value=\"Jag godk\u00e4nner att Easyfairs AB anv\u00e4nder min E-mail i marknadsf\u00f6ringssyfte.\" id=\"form-field-field_8e1c204-0\" name=\"form_fields[field_8e1c204]\"> <label for=\"form-field-field_8e1c204-0\">Jag godk\u00e4nner att Easyfairs AB anv\u00e4nder min E-mail i marknadsf\u00f6ringssyfte.<\/label><\/span><\/div>\t\t\t\t<\/div>\n\t\t\t\t\t\t\t\t<div class=\"elementor-field-group elementor-column elementor-field-type-submit elementor-col-100 e-form__buttons\">\n\t\t\t\t\t<button class=\"elementor-button elementor-size-md elementor-animation-grow\" type=\"submit\">\n\t\t\t\t\t\t<span class=\"elementor-button-content-wrapper\">\n\t\t\t\t\t\t\t\t\t\t\t\t\t\t\t\t\t\t\t\t\t\t<span class=\"elementor-button-text\">Nyhetsbrev, Ja tack!<\/span>\n\t\t\t\t\t\t\t\t\t\t\t\t\t<\/span>\n\t\t\t\t\t<\/button>\n\t\t\t\t<\/div>\n\t\t\t<\/div>\n\t\t<\/form>\n\t\t\t\t\t\t<\/div>\n\t\t\t\t<\/div>\n\t\t\t\t\t<\/div>\n\t\t<\/div>\n\t\t\t\t\t<\/div>\n\t\t<\/section>\n\t\t\t\t<\/div>\n\t\t","protected":false},"excerpt":{"rendered":"<p>Minou Sadeghpour, ledningsstrateg och stabchef i krisorganisationen, Sigtuna kommun Vad ser du mest fram emot i din yrkesroll det kommande \u00e5ret?Jag ser fram emot att delta i en samh\u00e4llsutveckling som g\u00e5r i r\u00e4tt riktning. Kriser och fr\u00e5gan om hur vi bygger trygga och robusta samh\u00e4llen kommer aldrig att sluta vara aktuell men verktygen f\u00f6r att [&hellip;]<\/p>\n","protected":false},"author":19,"featured_media":0,"comment_status":"closed","ping_status":"open","sticky":false,"template":"elementor_header_footer","format":"standard","meta":{"_seopress_robots_primary_cat":"none","_seopress_titles_title":"","_seopress_titles_desc":"","_seopress_robots_index":"","footnotes":""},"categories":[360],"tags":[],"edition":[],"class_list":["post-6870","post","type-post","status-publish","format-standard","hentry","category-ambassador"],"_links":{"self":[{"href":"https:\/\/www.samhallssakerhet.se\/sv\/wp-json\/wp\/v2\/posts\/6870","targetHints":{"allow":["GET"]}}],"collection":[{"href":"https:\/\/www.samhallssakerhet.se\/sv\/wp-json\/wp\/v2\/posts"}],"about":[{"href":"https:\/\/www.samhallssakerhet.se\/sv\/wp-json\/wp\/v2\/types\/post"}],"author":[{"embeddable":true,"href":"https:\/\/www.samhallssakerhet.se\/sv\/wp-json\/wp\/v2\/users\/19"}],"replies":[{"embeddable":true,"href":"https:\/\/www.samhallssakerhet.se\/sv\/wp-json\/wp\/v2\/comments?post=6870"}],"version-history":[{"count":0,"href":"https:\/\/www.samhallssakerhet.se\/sv\/wp-json\/wp\/v2\/posts\/6870\/revisions"}],"wp:attachment":[{"href":"https:\/\/www.samhallssakerhet.se\/sv\/wp-json\/wp\/v2\/media?parent=6870"}],"wp:term":[{"taxonomy":"category","embeddable":true,"href":"https:\/\/www.samhallssakerhet.se\/sv\/wp-json\/wp\/v2\/categories?post=6870"},{"taxonomy":"post_tag","embeddable":true,"href":"https:\/\/www.samhallssakerhet.se\/sv\/wp-json\/wp\/v2\/tags?post=6870"},{"taxonomy":"edition","embeddable":true,"href":"https:\/\/www.samhallssakerhet.se\/sv\/wp-json\/wp\/v2\/edition?post=6870"}],"curies":[{"name":"wp","href":"https:\/\/api.w.org\/{rel}","templated":true}]}}