{"id":46019,"date":"2025-03-06T14:01:56","date_gmt":"2025-03-06T13:01:56","guid":{"rendered":"https:\/\/www.samhallssakerhet.se\/?p=46019"},"modified":"2025-10-23T15:50:54","modified_gmt":"2025-10-23T13:50:54","slug":"vi-ar-glada-att-meddela-att-saab-medverkar-som-utstallare-pa-motesplats-samhallssakerhet-2025","status":"publish","type":"post","link":"https:\/\/www.samhallssakerhet.se\/sv\/2025\/03\/06\/vi-ar-glada-att-meddela-att-saab-medverkar-som-utstallare-pa-motesplats-samhallssakerhet-2025\/","title":{"rendered":"Vi \u00e4r glada att meddela att Saab medverkar som utst\u00e4llare p\u00e5 M\u00f6tesplats Samh\u00e4llss\u00e4kerhet 2025!"},"content":{"rendered":"\t\t<div data-elementor-type=\"wp-post\" data-elementor-id=\"46019\" class=\"elementor elementor-46019\" data-elementor-post-type=\"post\">\n\t\t\t\t\t\t<section class=\"elementor-section elementor-top-section elementor-element elementor-element-e8f668a elementor-section-boxed elementor-section-height-default elementor-section-height-default\" data-id=\"e8f668a\" data-element_type=\"section\" data-settings=\"{&quot;background_background&quot;:&quot;classic&quot;}\">\n\t\t\t\t\t\t<div class=\"elementor-container elementor-column-gap-default\">\n\t\t\t\t\t<div class=\"elementor-column elementor-col-100 elementor-top-column elementor-element elementor-element-ce55f69\" data-id=\"ce55f69\" data-element_type=\"column\">\n\t\t\t<div class=\"elementor-widget-wrap elementor-element-populated\">\n\t\t\t\t\t\t<div class=\"elementor-element elementor-element-bdbabf3 elementor-widget elementor-widget-spacer\" data-id=\"bdbabf3\" data-element_type=\"widget\" data-widget_type=\"spacer.default\">\n\t\t\t\t<div class=\"elementor-widget-container\">\n\t\t\t\t\t\t\t<div class=\"elementor-spacer\">\n\t\t\t<div class=\"elementor-spacer-inner\"><\/div>\n\t\t<\/div>\n\t\t\t\t\t\t<\/div>\n\t\t\t\t<\/div>\n\t\t\t\t\t<\/div>\n\t\t<\/div>\n\t\t\t\t\t<\/div>\n\t\t<\/section>\n\t\t\t\t<section class=\"elementor-section elementor-top-section elementor-element elementor-element-36c9dca elementor-section-boxed elementor-section-height-default elementor-section-height-default\" data-id=\"36c9dca\" data-element_type=\"section\" data-settings=\"{&quot;background_background&quot;:&quot;classic&quot;}\">\n\t\t\t\t\t\t<div class=\"elementor-container elementor-column-gap-default\">\n\t\t\t\t\t<div class=\"elementor-column elementor-col-66 elementor-top-column elementor-element elementor-element-cd36a94\" data-id=\"cd36a94\" data-element_type=\"column\" data-settings=\"{&quot;background_background&quot;:&quot;classic&quot;}\">\n\t\t\t<div class=\"elementor-widget-wrap elementor-element-populated\">\n\t\t\t\t\t\t<div class=\"elementor-element elementor-element-8a92170 elementor-widget elementor-widget-image\" data-id=\"8a92170\" data-element_type=\"widget\" data-widget_type=\"image.default\">\n\t\t\t\t<div class=\"elementor-widget-container\">\n\t\t\t\t\t\t\t\t\t\t\t\t<figure class=\"wp-caption\">\n\t\t\t\t\t\t\t\t\t\t<img decoding=\"async\" src=\"https:\/\/easyfairsassets.com\/sites\/139\/2025\/03\/Group-274.png\" title=\"Group 274\" alt=\"Group 274\" loading=\"lazy\" \/>\t\t\t\t\t\t\t\t\t\t\t<figcaption class=\"widget-image-caption wp-caption-text\"><\/figcaption>\n\t\t\t\t\t\t\t\t\t\t<\/figure>\n\t\t\t\t\t\t\t\t\t<\/div>\n\t\t\t\t<\/div>\n\t\t\t\t<div class=\"elementor-element elementor-element-25c7909 elementor-widget elementor-widget-heading\" data-id=\"25c7909\" data-element_type=\"widget\" data-widget_type=\"heading.default\">\n\t\t\t\t<div class=\"elementor-widget-container\">\n\t\t\t\t\t<h1 class=\"elementor-heading-title elementor-size-default\">Vi \u00e4r glada att meddela att Saab medverkar som utst\u00e4llare p\u00e5 M\u00f6tesplats Samh\u00e4llss\u00e4kerhet 2025!<\/h1>\t\t\t\t<\/div>\n\t\t\t\t<\/div>\n\t\t\t\t<div class=\"elementor-element elementor-element-5aa161b elementor-widget elementor-widget-text-editor\" data-id=\"5aa161b\" data-element_type=\"widget\" data-widget_type=\"text-editor.default\">\n\t\t\t\t<div class=\"elementor-widget-container\">\n\t\t\t\t\t\t\t\t\t<p>Som en av de ledande akt\u00f6rerna inom f\u00f6rsvars- och s\u00e4kerhetsindustrin spelar Saab en central roll i att st\u00e4rka Sveriges totalf\u00f6rsvar. P\u00e5 m\u00e4ssgolvet kommer de att visa upp sina l\u00f6sningar inom beredskapssjukv\u00e5rd. Inf\u00f6r M\u00f6tesplats Samh\u00e4llss\u00e4kerhet har vi intervjuat Nils-Erik Lindblom, Marknads- och f\u00f6rs\u00e4ljningschef f\u00f6r Saabs sjukv\u00e5rdsl\u00f6sningar, om deras syn p\u00e5 totalf\u00f6rsvar, samverkan och hur deras sjukv\u00e5rdsl\u00f6sningar kan bidra till en starkare beredskap.<\/p>\t\t\t\t\t\t\t\t<\/div>\n\t\t\t\t<\/div>\n\t\t\t\t<div class=\"elementor-element elementor-element-fbe1872 elementor-widget elementor-widget-heading\" data-id=\"fbe1872\" data-element_type=\"widget\" data-widget_type=\"heading.default\">\n\t\t\t\t<div class=\"elementor-widget-container\">\n\t\t\t\t\t<h4 class=\"elementor-heading-title elementor-size-default\">Saab \u00e4r en av de ledande akt\u00f6rerna inom f\u00f6rsvars- och s\u00e4kerhetsindustrin. Hur ser ni p\u00e5 ert ansvar i att st\u00e4rka Sveriges totalf\u00f6rsvar?<\/h4>\t\t\t\t<\/div>\n\t\t\t\t<\/div>\n\t\t\t\t<div class=\"elementor-element elementor-element-2b75f30 elementor-widget elementor-widget-text-editor\" data-id=\"2b75f30\" data-element_type=\"widget\" data-widget_type=\"text-editor.default\">\n\t\t\t\t<div class=\"elementor-widget-container\">\n\t\t\t\t\t\t\t\t\t<p>Vi p\u00e5 Saab arbetar f\u00f6r att st\u00e4rka Sveriges s\u00e4kerhet genom att utveckla innovativa l\u00f6sningar inom avancerad f\u00f6rsvarsteknologi. V\u00e5r roll \u00e4r att tillhandah\u00e5lla teknologi och kompetens som hj\u00e4lper Sverige och v\u00e5ra internationella kunder att m\u00f6ta dagens och morgondagens s\u00e4kerhetsutmaningar.<\/p>\t\t\t\t\t\t\t\t<\/div>\n\t\t\t\t<\/div>\n\t\t\t\t<div class=\"elementor-element elementor-element-74c2ce1 elementor-widget elementor-widget-heading\" data-id=\"74c2ce1\" data-element_type=\"widget\" data-widget_type=\"heading.default\">\n\t\t\t\t<div class=\"elementor-widget-container\">\n\t\t\t\t\t<h4 class=\"elementor-heading-title elementor-size-default\">Hur ser samarbetet ut mellan Saab, myndigheter och andra akt\u00f6rer f\u00f6r att skapa ett starkare totalf\u00f6rsvar?<\/h4>\t\t\t\t<\/div>\n\t\t\t\t<\/div>\n\t\t\t\t<div class=\"elementor-element elementor-element-367fef4 elementor-widget elementor-widget-text-editor\" data-id=\"367fef4\" data-element_type=\"widget\" data-widget_type=\"text-editor.default\">\n\t\t\t\t<div class=\"elementor-widget-container\">\n\t\t\t\t\t\t\t\t\t<p>F\u00f6r att st\u00e4rka Sveriges totalf\u00f6rsvar kr\u00e4vs n\u00e4ra samverkan mellan f\u00f6rsvarsmakten, civila myndigheter, n\u00e4ringslivet och andra samh\u00e4llsakt\u00f6rer. Saab \u00e4r en del av detta ekosystem och samarbetar p\u00e5 flera niv\u00e5er f\u00f6r att bidra till en robust f\u00f6rsvarsf\u00f6rm\u00e5ga. Partnerskap med F\u00f6rsvarsmakten och FMV \u2013 Saab utvecklar och levererar f\u00f6rsvarssystem och teknologi i n\u00e4ra dialog med F\u00f6rsvarsmakten och F\u00f6rsvarets materielverk (FMV) f\u00f6r att m\u00f6ta operativa behov. Genom denna samverkan kan vi s\u00e4kerst\u00e4lla att Sverige har b\u00e5de den tekniska och operativa f\u00f6rm\u00e5gan att m\u00f6ta framtida utmaningar.<\/p>\t\t\t\t\t\t\t\t<\/div>\n\t\t\t\t<\/div>\n\t\t\t\t<div class=\"elementor-element elementor-element-0dbfc97 elementor-widget elementor-widget-heading\" data-id=\"0dbfc97\" data-element_type=\"widget\" data-widget_type=\"heading.default\">\n\t\t\t\t<div class=\"elementor-widget-container\">\n\t\t\t\t\t<h4 class=\"elementor-heading-title elementor-size-default\">P\u00e5 m\u00e4ssan kommer ni visa upp delar av era mobila sjukv\u00e5rdsl\u00f6sningar. Just sjukv\u00e5rd kanske inte det f\u00f6rsta Saab f\u00f6rknippas med, har ni jobbat inom det omr\u00e5det l\u00e4nge?<\/h4>\t\t\t\t<\/div>\n\t\t\t\t<\/div>\n\t\t\t\t<div class=\"elementor-element elementor-element-2fcf252 elementor-widget elementor-widget-text-editor\" data-id=\"2fcf252\" data-element_type=\"widget\" data-widget_type=\"text-editor.default\">\n\t\t\t\t<div class=\"elementor-widget-container\">\n\t\t\t\t\t\t\t\t\tJa, vi har arbetat med sjukv\u00e5rdsl\u00f6sningar i n\u00e4rmare 50 \u00e5r och har genom \u00e5ren levererat en rad medicinska system, b\u00e5de till F\u00f6rsvarsmakten och internationella kunder. Ett exempel \u00e4r de f\u00e4ltsjukhus vi levererat till Australien. V\u00e5r erfarenhet inom f\u00f6rsvarsindustrin g\u00f6r att vi kan utveckla robusta och flexibla sjukv\u00e5rdsl\u00f6sningar anpassade f\u00f6r b\u00e5de milit\u00e4ra och civila behov.\t\t\t\t\t\t\t\t<\/div>\n\t\t\t\t<\/div>\n\t\t\t\t<div class=\"elementor-element elementor-element-e365ef6 elementor-widget elementor-widget-heading\" data-id=\"e365ef6\" data-element_type=\"widget\" data-widget_type=\"heading.default\">\n\t\t\t\t<div class=\"elementor-widget-container\">\n\t\t\t\t\t<h4 class=\"elementor-heading-title elementor-size-default\">Hur hj\u00e4lper ni f\u00f6r att st\u00e4rka samh\u00e4llets beredskapsf\u00f6rm\u00e5ga inom h\u00e4lso- och sjukv\u00e5rd?<\/h4>\t\t\t\t<\/div>\n\t\t\t\t<\/div>\n\t\t\t\t<div class=\"elementor-element elementor-element-b3b5e83 elementor-widget elementor-widget-text-editor\" data-id=\"b3b5e83\" data-element_type=\"widget\" data-widget_type=\"text-editor.default\">\n\t\t\t\t<div class=\"elementor-widget-container\">\n\t\t\t\t\t\t\t\t\tBland annat genom att erbjuda mobila sjukv\u00e5rdsl\u00f6sningar anpassade f\u00f6r totalf\u00f6rsvaret d\u00e4r b\u00e5de civil och milit\u00e4r krissjukv\u00e5rd kan anv\u00e4nda samma utrustning som kan kopplas samman och anpassas vid kriser, katastrofer eller krigsliknande situationer. L\u00f6sningen \u00e4r NATO-kompatibel, enkel att transportera och omgruppera samt designad f\u00f6r att snabbt kunna tas i bruk. Den medicinska utrustningen h\u00e5ller en h\u00f6g v\u00e5rdniv\u00e5 och kan anv\u00e4ndas p\u00e5 olika s\u00e4tt \u2013 i t\u00e4lt, byggnader eller andra skyddade milj\u00f6er.\t\t\t\t\t\t\t\t<\/div>\n\t\t\t\t<\/div>\n\t\t\t\t<div class=\"elementor-element elementor-element-7c9a35d elementor-widget elementor-widget-heading\" data-id=\"7c9a35d\" data-element_type=\"widget\" data-widget_type=\"heading.default\">\n\t\t\t\t<div class=\"elementor-widget-container\">\n\t\t\t\t\t<h4 class=\"elementor-heading-title elementor-size-default\">Hur kan era sjukv\u00e5rdsl\u00f6sningar bidra till en snabb och effektiv upprustning?<\/h4>\t\t\t\t<\/div>\n\t\t\t\t<\/div>\n\t\t\t\t<div class=\"elementor-element elementor-element-3aef5ae elementor-widget elementor-widget-text-editor\" data-id=\"3aef5ae\" data-element_type=\"widget\" data-widget_type=\"text-editor.default\">\n\t\t\t\t<div class=\"elementor-widget-container\">\n\t\t\t\t\t\t\t\t\t\nVi erbjuder en f\u00e4rdig l\u00f6sning d\u00e4r vi tar hand om hela kedjan \u2013 fr\u00e5n design och integration till logistik. Det betyder att kunden snabbt f\u00e5r en komplett och fungerande sjukv\u00e5rdsf\u00f6rm\u00e5ga utan att beh\u00f6va l\u00e4gga tid och resurser p\u00e5 att hantera materiel och lagerh\u00e5llning. V\u00e5r interna medicinska expertis, med erfarenhet fr\u00e5n kris- och konfliktsituationer, g\u00f6r att vi f\u00f6rst\u00e5r behoven i f\u00e4lt och kan leverera l\u00f6sningar som verkligen fungerar. Dessutom har Saab redan en etablerad infrastruktur \u00f6ver hela Sverige, vilket g\u00f6r att vi kan bidra med sjukv\u00e5rdsf\u00f6rm\u00e5ga d\u00e4r den beh\u00f6vs, n\u00e4r den beh\u00f6vs.\t\t\t\t\t\t\t\t<\/div>\n\t\t\t\t<\/div>\n\t\t\t\t<div class=\"elementor-element elementor-element-4289a52 elementor-widget elementor-widget-heading\" data-id=\"4289a52\" data-element_type=\"widget\" data-widget_type=\"heading.default\">\n\t\t\t\t<div class=\"elementor-widget-container\">\n\t\t\t\t\t<h4 class=\"elementor-heading-title elementor-size-default\">Vad hoppas ni att bes\u00f6karna ska ta med sig fr\u00e5n ert deltagande p\u00e5 m\u00e4ssan?<\/h4>\t\t\t\t<\/div>\n\t\t\t\t<\/div>\n\t\t\t\t<div class=\"elementor-element elementor-element-feb28b3 elementor-widget elementor-widget-text-editor\" data-id=\"feb28b3\" data-element_type=\"widget\" data-widget_type=\"text-editor.default\">\n\t\t\t\t<div class=\"elementor-widget-container\">\n\t\t\t\t\t\t\t\t\t<p>Vi hoppas att bes\u00f6karna f\u00e5r en tydligare bild av hur v\u00e5ra l\u00f6sningar inom beredskapssjukv\u00e5rd kan g\u00f6ra skillnad \u2013 b\u00e5de i civila och milit\u00e4ra sammanhang. Saab utvecklar medicinska l\u00f6sningar som st\u00e4rker totalf\u00f6rsvaret och bidrar till en tryggare och mer motst\u00e5ndskraftig beredskap.<\/p><p>Saabs n\u00e4rvaro p\u00e5 M\u00f6tesplats Samh\u00e4llss\u00e4kerhet \u00e4r en m\u00f6jlighet f\u00f6r deltagarna p\u00e5 plats att f\u00e5 en djupare f\u00f6rst\u00e5else f\u00f6r hur l\u00f6sningar inom beredskapssjukv\u00e5rd kan st\u00e4rka totalf\u00f6rsvaret. Genom att kombinera avancerad f\u00f6rsvarsteknologi med robusta sjukv\u00e5rdsl\u00f6sningar bidrar Saab till att \u00f6ka samh\u00e4llets motst\u00e5ndskraft. Missa inte chansen att tr\u00e4ffa Saab p\u00e5 m\u00e4ssgolvet och ta del av deras expertis!<\/p>\t\t\t\t\t\t\t\t<\/div>\n\t\t\t\t<\/div>\n\t\t\t\t<div class=\"elementor-element elementor-element-b30432a elementor-align-left elementor-tablet-align-left elementor-mobile-align-left elementor-widget elementor-widget-button\" data-id=\"b30432a\" data-element_type=\"widget\" data-widget_type=\"button.default\">\n\t\t\t\t<div class=\"elementor-widget-container\">\n\t\t\t\t\t\t\t\t\t<div class=\"elementor-button-wrapper\">\n\t\t\t\t\t<a class=\"elementor-button elementor-button-link elementor-size-sm elementor-animation-grow\" href=\"\/aktuellt\/\">\n\t\t\t\t\t\t<span class=\"elementor-button-content-wrapper\">\n\t\t\t\t\t\t\t\t\t<span class=\"elementor-button-text\">Alla nyheter<\/span>\n\t\t\t\t\t<\/span>\n\t\t\t\t\t<\/a>\n\t\t\t\t<\/div>\n\t\t\t\t\t\t\t\t<\/div>\n\t\t\t\t<\/div>\n\t\t\t\t\t<\/div>\n\t\t<\/div>\n\t\t\t\t<div class=\"elementor-column elementor-col-33 elementor-top-column elementor-element elementor-element-b41fb21\" data-id=\"b41fb21\" data-element_type=\"column\">\n\t\t\t<div class=\"elementor-widget-wrap elementor-element-populated\">\n\t\t\t\t\t\t<div class=\"elementor-element elementor-element-df72efb elementor-widget elementor-widget-heading\" data-id=\"df72efb\" data-element_type=\"widget\" data-widget_type=\"heading.default\">\n\t\t\t\t<div class=\"elementor-widget-container\">\n\t\t\t\t\t<h4 class=\"elementor-heading-title elementor-size-default\">Dela inl\u00e4gget:<\/h4>\t\t\t\t<\/div>\n\t\t\t\t<\/div>\n\t\t\t\t<div class=\"elementor-element elementor-element-4a405a4 elementor-share-buttons--view-icon elementor-share-buttons--color-custom elementor-share-buttons--skin-minimal elementor-share-buttons--shape-circle elementor-grid-0 elementor-widget elementor-widget-share-buttons\" data-id=\"4a405a4\" data-element_type=\"widget\" data-widget_type=\"share-buttons.default\">\n\t\t\t\t<div class=\"elementor-widget-container\">\n\t\t\t\t\t\t\t<div class=\"elementor-grid\" role=\"list\">\n\t\t\t\t\t\t\t\t<div class=\"elementor-grid-item\" role=\"listitem\">\n\t\t\t\t\t\t<div class=\"elementor-share-btn elementor-share-btn_facebook\" role=\"button\" tabindex=\"0\" aria-label=\"Share on facebook\">\n\t\t\t\t\t\t\t\t\t\t\t\t\t\t\t<span class=\"elementor-share-btn__icon\">\n\t\t\t\t\t\t\t\t<i class=\"fab fa-facebook\" aria-hidden=\"true\"><\/i>\t\t\t\t\t\t\t<\/span>\n\t\t\t\t\t\t\t\t\t\t\t\t\t\t\t\t\t\t\t\t<\/div>\n\t\t\t\t\t<\/div>\n\t\t\t\t\t\t\t\t\t<div class=\"elementor-grid-item\" role=\"listitem\">\n\t\t\t\t\t\t<div class=\"elementor-share-btn elementor-share-btn_linkedin\" role=\"button\" tabindex=\"0\" aria-label=\"Share on linkedin\">\n\t\t\t\t\t\t\t\t\t\t\t\t\t\t\t<span class=\"elementor-share-btn__icon\">\n\t\t\t\t\t\t\t\t<i class=\"fab fa-linkedin\" aria-hidden=\"true\"><\/i>\t\t\t\t\t\t\t<\/span>\n\t\t\t\t\t\t\t\t\t\t\t\t\t\t\t\t\t\t\t\t<\/div>\n\t\t\t\t\t<\/div>\n\t\t\t\t\t\t<\/div>\n\t\t\t\t\t\t<\/div>\n\t\t\t\t<\/div>\n\t\t\t\t<div class=\"elementor-element elementor-element-c08cf4a elementor-widget elementor-widget-heading\" data-id=\"c08cf4a\" data-element_type=\"widget\" data-widget_type=\"heading.default\">\n\t\t\t\t<div class=\"elementor-widget-container\">\n\t\t\t\t\t<h4 class=\"elementor-heading-title elementor-size-default\">Senaste:<\/h4>\t\t\t\t<\/div>\n\t\t\t\t<\/div>\n\t\t\t\t<div class=\"elementor-element elementor-element-2fa2634 elementor-grid-1 elementor-posts--thumbnail-left elementor-grid-tablet-2 elementor-grid-mobile-1 elementor-widget elementor-widget-posts\" data-id=\"2fa2634\" data-element_type=\"widget\" data-settings=\"{&quot;classic_columns&quot;:&quot;1&quot;,&quot;classic_row_gap&quot;:{&quot;unit&quot;:&quot;px&quot;,&quot;size&quot;:&quot;20&quot;,&quot;sizes&quot;:[]},&quot;classic_columns_tablet&quot;:&quot;2&quot;,&quot;classic_columns_mobile&quot;:&quot;1&quot;,&quot;classic_row_gap_tablet&quot;:{&quot;unit&quot;:&quot;px&quot;,&quot;size&quot;:&quot;&quot;,&quot;sizes&quot;:[]},&quot;classic_row_gap_mobile&quot;:{&quot;unit&quot;:&quot;px&quot;,&quot;size&quot;:&quot;&quot;,&quot;sizes&quot;:[]}}\" data-widget_type=\"posts.classic\">\n\t\t\t\t<div class=\"elementor-widget-container\">\n\t\t\t\t\t\t\t<div class=\"elementor-posts-container elementor-posts elementor-posts--skin-classic elementor-grid\" role=\"list\">\n\t\t\t\t<article class=\"elementor-post elementor-grid-item post-51962 post type-post status-publish format-standard has-post-thumbnail hentry category-okategoriserad\" role=\"listitem\">\n\t\t\t\t<a class=\"elementor-post__thumbnail__link\" href=\"https:\/\/www.samhallssakerhet.se\/sv\/2026\/03\/12\/utan-ideella-krafter-stannar-sverige-sar-sweden-visar-vad-samhallsnytta-betyder-i-praktiken\/\" tabindex=\"-1\" >\n\t\t\t<div class=\"elementor-post__thumbnail\"><img fetchpriority=\"high\" decoding=\"async\" width=\"300\" height=\"186\" src=\"https:\/\/easyfairsassets.com\/sites\/139\/2026\/03\/Blogg_SAR-300x186.png\" class=\"attachment-medium size-medium wp-image-51983\" alt=\"SAR\" srcset=\"https:\/\/easyfairsassets.com\/sites\/139\/2026\/03\/Blogg_SAR-300x186.png 300w, https:\/\/easyfairsassets.com\/sites\/139\/2026\/03\/Blogg_SAR.png 485w\" sizes=\"(max-width: 300px) 100vw, 300px\" \/><\/div>\n\t\t<\/a>\n\t\t\t\t<div class=\"elementor-post__text\">\n\t\t\t\t<h3 class=\"elementor-post__title\">\n\t\t\t<a href=\"https:\/\/www.samhallssakerhet.se\/sv\/2026\/03\/12\/utan-ideella-krafter-stannar-sverige-sar-sweden-visar-vad-samhallsnytta-betyder-i-praktiken\/\" >\n\t\t\t\tUtan ideella krafter stannar Sverige \u2013 SAR Sweden visar vad samh\u00e4llsnytta betyder i praktiken\t\t\t<\/a>\n\t\t<\/h3>\n\t\t\n\t\t<a class=\"elementor-post__read-more\" href=\"https:\/\/www.samhallssakerhet.se\/sv\/2026\/03\/12\/utan-ideella-krafter-stannar-sverige-sar-sweden-visar-vad-samhallsnytta-betyder-i-praktiken\/\" aria-label=\"Read more about Utan ideella krafter stannar Sverige \u2013 SAR Sweden visar vad samh\u00e4llsnytta betyder i praktiken\" tabindex=\"-1\" >\n\t\t\tL\u00e4s mer \u00bb\t\t<\/a>\n\n\t\t\t\t<\/div>\n\t\t\t\t<\/article>\n\t\t\t\t<article class=\"elementor-post elementor-grid-item post-51945 post type-post status-publish format-standard has-post-thumbnail hentry category-okategoriserad\" role=\"listitem\">\n\t\t\t\t<a class=\"elementor-post__thumbnail__link\" href=\"https:\/\/www.samhallssakerhet.se\/sv\/2026\/03\/11\/elementor-51945\/\" tabindex=\"-1\" >\n\t\t\t<div class=\"elementor-post__thumbnail\"><img decoding=\"async\" width=\"300\" height=\"186\" src=\"https:\/\/easyfairsassets.com\/sites\/139\/2025\/10\/Blogg_Kultur-och-Kvalitet-300x186.png\" class=\"attachment-medium size-medium wp-image-51954\" alt=\"Kultur och Kvalitet\" srcset=\"https:\/\/easyfairsassets.com\/sites\/139\/2025\/10\/Blogg_Kultur-och-Kvalitet-300x186.png 300w, https:\/\/easyfairsassets.com\/sites\/139\/2025\/10\/Blogg_Kultur-och-Kvalitet.png 485w\" sizes=\"(max-width: 300px) 100vw, 300px\" \/><\/div>\n\t\t<\/a>\n\t\t\t\t<div class=\"elementor-post__text\">\n\t\t\t\t<h3 class=\"elementor-post__title\">\n\t\t\t<a href=\"https:\/\/www.samhallssakerhet.se\/sv\/2026\/03\/11\/elementor-51945\/\" >\n\t\t\t\tM\u00f6t Kultur och Kvalitet p\u00e5 M\u00f6tesplats Samh\u00e4llss\u00e4kerhet 2026\t\t\t<\/a>\n\t\t<\/h3>\n\t\t\n\t\t<a class=\"elementor-post__read-more\" href=\"https:\/\/www.samhallssakerhet.se\/sv\/2026\/03\/11\/elementor-51945\/\" aria-label=\"Read more about M\u00f6t Kultur och Kvalitet p\u00e5 M\u00f6tesplats Samh\u00e4llss\u00e4kerhet 2026\" tabindex=\"-1\" >\n\t\t\tL\u00e4s mer \u00bb\t\t<\/a>\n\n\t\t\t\t<\/div>\n\t\t\t\t<\/article>\n\t\t\t\t<article class=\"elementor-post elementor-grid-item post-51891 post type-post status-publish format-standard has-post-thumbnail hentry category-okategoriserad\" role=\"listitem\">\n\t\t\t\t<a class=\"elementor-post__thumbnail__link\" href=\"https:\/\/www.samhallssakerhet.se\/sv\/2026\/03\/05\/krisledningspodden-blir-officiell-mediepartner-till-motesplats-samhallssakerhet-2026\/\" tabindex=\"-1\" >\n\t\t\t<div class=\"elementor-post__thumbnail\"><img decoding=\"async\" width=\"300\" height=\"186\" src=\"https:\/\/easyfairsassets.com\/sites\/139\/2026\/03\/Blogg_Krisledningspodden-300x186.png\" class=\"attachment-medium size-medium wp-image-51909\" alt=\"Krisledningspodden\" srcset=\"https:\/\/easyfairsassets.com\/sites\/139\/2026\/03\/Blogg_Krisledningspodden-300x186.png 300w, https:\/\/easyfairsassets.com\/sites\/139\/2026\/03\/Blogg_Krisledningspodden.png 485w\" sizes=\"(max-width: 300px) 100vw, 300px\" \/><\/div>\n\t\t<\/a>\n\t\t\t\t<div class=\"elementor-post__text\">\n\t\t\t\t<h3 class=\"elementor-post__title\">\n\t\t\t<a href=\"https:\/\/www.samhallssakerhet.se\/sv\/2026\/03\/05\/krisledningspodden-blir-officiell-mediepartner-till-motesplats-samhallssakerhet-2026\/\" >\n\t\t\t\tKrisledningspodden blir officiell mediepartner till M\u00f6tesplats Samh\u00e4llss\u00e4kerhet 2026\t\t\t<\/a>\n\t\t<\/h3>\n\t\t\n\t\t<a class=\"elementor-post__read-more\" href=\"https:\/\/www.samhallssakerhet.se\/sv\/2026\/03\/05\/krisledningspodden-blir-officiell-mediepartner-till-motesplats-samhallssakerhet-2026\/\" aria-label=\"Read more about Krisledningspodden blir officiell mediepartner till M\u00f6tesplats Samh\u00e4llss\u00e4kerhet 2026\" tabindex=\"-1\" >\n\t\t\tL\u00e4s mer \u00bb\t\t<\/a>\n\n\t\t\t\t<\/div>\n\t\t\t\t<\/article>\n\t\t\t\t<\/div>\n\t\t\n\t\t\t\t\t\t<\/div>\n\t\t\t\t<\/div>\n\t\t\t\t\t<\/div>\n\t\t<\/div>\n\t\t\t\t\t<\/div>\n\t\t<\/section>\n\t\t\t\t<section class=\"elementor-section elementor-top-section elementor-element elementor-element-3ed34f9 elementor-section-full_width elementor-reverse-mobile elementor-section-height-default elementor-section-height-default\" data-id=\"3ed34f9\" data-element_type=\"section\">\n\t\t\t\t\t\t<div class=\"elementor-container elementor-column-gap-default\">\n\t\t\t\t\t<div class=\"elementor-column elementor-col-50 elementor-top-column elementor-element elementor-element-7995a55\" data-id=\"7995a55\" data-element_type=\"column\" data-settings=\"{&quot;background_background&quot;:&quot;classic&quot;}\">\n\t\t\t<div class=\"elementor-widget-wrap elementor-element-populated\">\n\t\t\t\t\t\t<div class=\"elementor-element elementor-element-78a8f87 elementor-widget elementor-widget-menu-anchor\" data-id=\"78a8f87\" data-element_type=\"widget\" data-widget_type=\"menu-anchor.default\">\n\t\t\t\t<div class=\"elementor-widget-container\">\n\t\t\t\t\t\t\t<div class=\"elementor-menu-anchor\" id=\"nyhetsbrev\"><\/div>\n\t\t\t\t\t\t<\/div>\n\t\t\t\t<\/div>\n\t\t\t\t<div class=\"elementor-element elementor-element-9eded53 elementor-widget elementor-widget-heading\" data-id=\"9eded53\" data-element_type=\"widget\" data-widget_type=\"heading.default\">\n\t\t\t\t<div class=\"elementor-widget-container\">\n\t\t\t\t\t<h3 class=\"elementor-heading-title elementor-size-default\">L\u00e5t oss h\u00e5lla kontakten<\/h3>\t\t\t\t<\/div>\n\t\t\t\t<\/div>\n\t\t\t\t<div class=\"elementor-element elementor-element-c718ea4 elementor-widget elementor-widget-heading\" data-id=\"c718ea4\" data-element_type=\"widget\" data-widget_type=\"heading.default\">\n\t\t\t\t<div class=\"elementor-widget-container\">\n\t\t\t\t\t<h2 class=\"elementor-heading-title elementor-size-default\">Signa upp p\u00e5<br>\nv\u00e5rt nyhetsbrev!<\/h2>\t\t\t\t<\/div>\n\t\t\t\t<\/div>\n\t\t\t\t<div class=\"elementor-element elementor-element-967d599 elementor-widget elementor-widget-text-editor\" data-id=\"967d599\" data-element_type=\"widget\" data-widget_type=\"text-editor.default\">\n\t\t\t\t<div class=\"elementor-widget-container\">\n\t\t\t\t\t\t\t\t\t<p>Prenumerera p\u00e5 v\u00e5rt nyhetsbrev f\u00f6r att ta del av exklusiva<br \/>erbjudanden och den senaste informationen om m\u00f6tesplatsen.<\/p>\t\t\t\t\t\t\t\t<\/div>\n\t\t\t\t<\/div>\n\t\t\t\t<div class=\"elementor-element elementor-element-25b15ce elementor-button-align-start elementor-widget elementor-widget-form\" data-id=\"25b15ce\" data-element_type=\"widget\" data-settings=\"{&quot;step_next_label&quot;:&quot;N\\u00e4sta&quot;,&quot;step_previous_label&quot;:&quot;F\\u00f6reg\\u00e5ende&quot;,&quot;button_width&quot;:&quot;50&quot;,&quot;step_type&quot;:&quot;number_text&quot;,&quot;step_icon_shape&quot;:&quot;circle&quot;}\" data-widget_type=\"form.default\">\n\t\t\t\t<div class=\"elementor-widget-container\">\n\t\t\t\t\t\t\t<form class=\"elementor-form\" method=\"post\" id=\"newsletter\" name=\"New Form\" aria-label=\"New Form\">\n\t\t\t<input type=\"hidden\" name=\"post_id\" value=\"46019\"\/>\n\t\t\t<input type=\"hidden\" name=\"form_id\" value=\"25b15ce\"\/>\n\t\t\t<input type=\"hidden\" name=\"referer_title\" value=\"\" \/>\n\n\t\t\t\n\t\t\t<div class=\"elementor-form-fields-wrapper elementor-labels-\">\n\t\t\t\t\t\t\t\t<div class=\"elementor-field-type-email elementor-field-group elementor-column elementor-field-group-Email elementor-col-60 elementor-md-80 elementor-field-required\">\n\t\t\t\t\t\t\t\t\t\t\t\t<label for=\"form-field-Email\" class=\"elementor-field-label elementor-screen-only\">\n\t\t\t\t\t\t\t\tE-post\t\t\t\t\t\t\t<\/label>\n\t\t\t\t\t\t\t\t\t\t\t\t\t\t<input size=\"1\" type=\"email\" name=\"form_fields[Email]\" id=\"form-field-Email\" class=\"elementor-field elementor-size-xs  elementor-field-textual\" placeholder=\"E-post\" required=\"required\">\n\t\t\t\t\t\t\t\t\t\t\t<\/div>\n\t\t\t\t\t\t\t\t<div class=\"elementor-field-type-recaptcha_v3 elementor-field-group elementor-column elementor-field-group-field_297d64f elementor-col-100 recaptcha_v3-bottomright\">\n\t\t\t\t\t<div class=\"elementor-field\" id=\"form-field-field_297d64f\"><div class=\"elementor-g-recaptcha\" data-sitekey=\"6Lfgx1MiAAAAACQrclYShfaAaJJaX_Jl9Zv6W8pJ\" data-type=\"v3\" data-action=\"Form\" data-badge=\"bottomright\" data-size=\"invisible\"><\/div><\/div>\t\t\t\t<\/div>\n\t\t\t\t\t\t\t\t<div class=\"elementor-field-group elementor-column elementor-field-type-submit elementor-col-50 e-form__buttons\">\n\t\t\t\t\t<button class=\"elementor-button elementor-size-xs elementor-animation-grow\" type=\"submit\" id=\"newsletter\">\n\t\t\t\t\t\t<span class=\"elementor-button-content-wrapper\">\n\t\t\t\t\t\t\t\t\t\t\t\t\t\t\t\t\t\t\t\t\t\t<span class=\"elementor-button-text\">Nyhetsbrev, Ja tack!<\/span>\n\t\t\t\t\t\t\t\t\t\t\t\t\t<\/span>\n\t\t\t\t\t<\/button>\n\t\t\t\t<\/div>\n\t\t\t<\/div>\n\t\t<\/form>\n\t\t\t\t\t\t<\/div>\n\t\t\t\t<\/div>\n\t\t\t\t<div class=\"elementor-element elementor-element-cbc19cf elementor-widget elementor-widget-text-editor\" data-id=\"cbc19cf\" data-element_type=\"widget\" data-widget_type=\"text-editor.default\">\n\t\t\t\t<div class=\"elementor-widget-container\">\n\t\t\t\t\t\t\t\t\t<p>Genom att prenumerera samtycker jag till att ta emot kampanjer <br \/>fr\u00e5n M\u00f6tesplats samh\u00e4llss\u00e4kerhet i enlighet med v\u00e5r<a href=\"https:\/\/www.easyfairs.com\/privacy-policy\/sweden-swedish\/\"> integritetspolicyn<\/a><\/p>\t\t\t\t\t\t\t\t<\/div>\n\t\t\t\t<\/div>\n\t\t\t\t\t<\/div>\n\t\t<\/div>\n\t\t\t\t<div class=\"elementor-column elementor-col-50 elementor-top-column elementor-element elementor-element-2eaac78\" data-id=\"2eaac78\" data-element_type=\"column\" data-settings=\"{&quot;background_background&quot;:&quot;classic&quot;}\">\n\t\t\t<div class=\"elementor-widget-wrap elementor-element-populated\">\n\t\t\t\t\t\t<div class=\"elementor-element elementor-element-f50bf22 elementor-widget elementor-widget-spacer\" data-id=\"f50bf22\" data-element_type=\"widget\" data-widget_type=\"spacer.default\">\n\t\t\t\t<div class=\"elementor-widget-container\">\n\t\t\t\t\t\t\t<div class=\"elementor-spacer\">\n\t\t\t<div class=\"elementor-spacer-inner\"><\/div>\n\t\t<\/div>\n\t\t\t\t\t\t<\/div>\n\t\t\t\t<\/div>\n\t\t\t\t\t<\/div>\n\t\t<\/div>\n\t\t\t\t\t<\/div>\n\t\t<\/section>\n\t\t\t\t<\/div>\n\t\t","protected":false},"excerpt":{"rendered":"<p>Vi \u00e4r glada att meddela att Saab medverkar som utst\u00e4llare p\u00e5 M\u00f6tesplats Samh\u00e4llss\u00e4kerhet 2025! Som en av de ledande akt\u00f6rerna inom f\u00f6rsvars- och s\u00e4kerhetsindustrin spelar<\/p>\n","protected":false},"author":1062,"featured_media":46157,"comment_status":"closed","ping_status":"open","sticky":false,"template":"elementor_header_footer","format":"standard","meta":{"_seopress_robots_primary_cat":"none","_seopress_titles_title":"Saab \u00e4r p\u00e5 plats p\u00e5 M\u00f6tesplats Samh\u00e4llss\u00e4kehet!","_seopress_titles_desc":"Inf\u00f6r M\u00f6tesplats Samh\u00e4llss\u00e4kerhet har vi intervjuat Nils-Erik Lindblom, Marknads- och f\u00f6rs\u00e4ljningschef f\u00f6r Saabs sjukv\u00e5rdsl\u00f6sningar, om deras syn p\u00e5 totalf\u00f6rsvar, samverkan och hur deras sjukv\u00e5rdsl\u00f6sningar kan bidra till en starkare beredskap.","_seopress_robots_index":"","footnotes":""},"categories":[1],"tags":[],"edition":[],"class_list":["post-46019","post","type-post","status-publish","format-standard","has-post-thumbnail","hentry","category-okategoriserad"],"_links":{"self":[{"href":"https:\/\/www.samhallssakerhet.se\/sv\/wp-json\/wp\/v2\/posts\/46019","targetHints":{"allow":["GET"]}}],"collection":[{"href":"https:\/\/www.samhallssakerhet.se\/sv\/wp-json\/wp\/v2\/posts"}],"about":[{"href":"https:\/\/www.samhallssakerhet.se\/sv\/wp-json\/wp\/v2\/types\/post"}],"author":[{"embeddable":true,"href":"https:\/\/www.samhallssakerhet.se\/sv\/wp-json\/wp\/v2\/users\/1062"}],"replies":[{"embeddable":true,"href":"https:\/\/www.samhallssakerhet.se\/sv\/wp-json\/wp\/v2\/comments?post=46019"}],"version-history":[{"count":5,"href":"https:\/\/www.samhallssakerhet.se\/sv\/wp-json\/wp\/v2\/posts\/46019\/revisions"}],"predecessor-version":[{"id":50379,"href":"https:\/\/www.samhallssakerhet.se\/sv\/wp-json\/wp\/v2\/posts\/46019\/revisions\/50379"}],"wp:featuredmedia":[{"embeddable":true,"href":"https:\/\/www.samhallssakerhet.se\/sv\/wp-json\/wp\/v2\/media\/46157"}],"wp:attachment":[{"href":"https:\/\/www.samhallssakerhet.se\/sv\/wp-json\/wp\/v2\/media?parent=46019"}],"wp:term":[{"taxonomy":"category","embeddable":true,"href":"https:\/\/www.samhallssakerhet.se\/sv\/wp-json\/wp\/v2\/categories?post=46019"},{"taxonomy":"post_tag","embeddable":true,"href":"https:\/\/www.samhallssakerhet.se\/sv\/wp-json\/wp\/v2\/tags?post=46019"},{"taxonomy":"edition","embeddable":true,"href":"https:\/\/www.samhallssakerhet.se\/sv\/wp-json\/wp\/v2\/edition?post=46019"}],"curies":[{"name":"wp","href":"https:\/\/api.w.org\/{rel}","templated":true}]}}