{"id":41000,"date":"2024-11-19T14:49:30","date_gmt":"2024-11-19T13:49:30","guid":{"rendered":"https:\/\/www.samhallssakerhet.se\/?p=41000"},"modified":"2025-04-07T09:43:58","modified_gmt":"2025-04-07T07:43:58","slug":"programspar-1-samverkan-och-samordning-inom-totalforsvaret","status":"publish","type":"post","link":"https:\/\/www.samhallssakerhet.se\/sv\/2024\/11\/19\/programspar-1-samverkan-och-samordning-inom-totalforsvaret\/","title":{"rendered":"Programsp\u00e5r &#8221;Samverkan och samordning inom totalf\u00f6rsvaret&#8221;"},"content":{"rendered":"\t\t<div data-elementor-type=\"wp-post\" data-elementor-id=\"41000\" class=\"elementor elementor-41000\" data-elementor-post-type=\"post\">\n\t\t\t\t\t\t<section class=\"elementor-section elementor-top-section elementor-element elementor-element-bd11842 elementor-section-boxed elementor-section-height-default elementor-section-height-default\" data-id=\"bd11842\" data-element_type=\"section\">\n\t\t\t\t\t\t<div class=\"elementor-container elementor-column-gap-default\">\n\t\t\t\t\t<div class=\"elementor-column elementor-col-66 elementor-top-column elementor-element elementor-element-397e831\" data-id=\"397e831\" data-element_type=\"column\" data-settings=\"{&quot;background_background&quot;:&quot;classic&quot;}\">\n\t\t\t<div class=\"elementor-widget-wrap elementor-element-populated\">\n\t\t\t\t\t\t<div class=\"elementor-element elementor-element-d8ae92b elementor-widget elementor-widget-heading\" data-id=\"d8ae92b\" data-element_type=\"widget\" data-widget_type=\"heading.default\">\n\t\t\t\t<div class=\"elementor-widget-container\">\n\t\t\t\t\t<h1 class=\"elementor-heading-title elementor-size-default\">Programsp\u00e5r \"Samverkan och samordning inom totalf\u00f6rsvaret\"<\/h1>\t\t\t\t<\/div>\n\t\t\t\t<\/div>\n\t\t\t\t<div class=\"elementor-element elementor-element-cf4bfdd elementor-widget elementor-widget-heading\" data-id=\"cf4bfdd\" data-element_type=\"widget\" data-widget_type=\"heading.default\">\n\t\t\t\t<div class=\"elementor-widget-container\">\n\t\t\t\t\t<h2 class=\"elementor-heading-title elementor-size-default\">Sp\u00e5ransvariga: Sveriges Kommuner och Regioner\n\n<\/h2>\t\t\t\t<\/div>\n\t\t\t\t<\/div>\n\t\t\t\t<div class=\"elementor-element elementor-element-8227fac elementor-widget elementor-widget-image\" data-id=\"8227fac\" data-element_type=\"widget\" data-widget_type=\"image.default\">\n\t\t\t\t<div class=\"elementor-widget-container\">\n\t\t\t\t\t\t\t\t\t\t\t\t<figure class=\"wp-caption\">\n\t\t\t\t\t\t\t\t\t\t<img decoding=\"async\" src=\"https:\/\/easyfairsassets.com\/sites\/139\/2024\/11\/Samverkan-och-samordning-inom-totalforsvaret-blogg.png\" title=\"Samverkan och samordning inom totalf\u00f6rsvaret &#8211; blogg\" alt=\"Samverkan och samordning inom totalf\u00f6rsvaret - blogg\" loading=\"lazy\" \/>\t\t\t\t\t\t\t\t\t\t\t<figcaption class=\"widget-image-caption wp-caption-text\"><\/figcaption>\n\t\t\t\t\t\t\t\t\t\t<\/figure>\n\t\t\t\t\t\t\t\t\t<\/div>\n\t\t\t\t<\/div>\n\t\t\t\t<section class=\"elementor-section elementor-inner-section elementor-element elementor-element-3700f0d elementor-section-boxed elementor-section-height-default elementor-section-height-default\" data-id=\"3700f0d\" data-element_type=\"section\">\n\t\t\t\t\t\t<div class=\"elementor-container elementor-column-gap-default\">\n\t\t\t\t\t<div class=\"elementor-column elementor-col-100 elementor-inner-column elementor-element elementor-element-94bc804\" data-id=\"94bc804\" data-element_type=\"column\">\n\t\t\t<div class=\"elementor-widget-wrap elementor-element-populated\">\n\t\t\t\t\t\t<div class=\"elementor-element elementor-element-f5120ca elementor-widget elementor-widget-text-editor\" data-id=\"f5120ca\" data-element_type=\"widget\" data-widget_type=\"text-editor.default\">\n\t\t\t\t<div class=\"elementor-widget-container\">\n\t\t\t\t\t\t\t\t\t<p><strong>Detta programsp\u00e5r, som leds av Sveriges Kommuner och Regioner (SKR), fokuserar p\u00e5 hur samverkan kan st\u00e4rka totalf\u00f6rsvarsberedskapen p\u00e5 lokal, regional och nationell niv\u00e5. M\u00e5let \u00e4r att skapa en djupare f\u00f6rst\u00e5else f\u00f6r samordningsmekanismer, ansvarsroller och de utmaningar som finns inom samverkan, samtidigt som viktiga framg\u00e5ngsfaktorer lyfts fram.<\/strong><\/p><p>Deltagarna kommer att f\u00e5 ta del av flera sessioner och paneldiskussioner som ber\u00f6r:<\/p><ul><li>Initiativ, erfarenheter och behov inom regional samverkan (Nationell Samband, Planering, Ledning, NSPL)<\/li><li>Ett samtal om vad Nato-medlemskap inneb\u00e4r f\u00f6r kommuner och regioner, med deltagare fr\u00e5n F\u00f6rsvarsmakten, kommuner och regioner.<\/li><li>Diskussioner kring flerniv\u00e5samverkan f\u00f6r brottsf\u00f6rebyggande arbete, med medverkan fr\u00e5n SKR, kommunsektorn och ansvariga myndigheter.<\/li><li>L\u00e4rande exempel p\u00e5 samverkan i praktiken med representation fr\u00e5n myndigheter, kommuner och regioner.<\/li><\/ul><p>Syftet med sp\u00e5ret \u00e4r erfarenhetsutbyte, att st\u00e4rka n\u00e4tverk och hitta gemensamma l\u00f6sningar f\u00f6r att s\u00e4kerst\u00e4lla en robust och v\u00e4lkoordinerad beredskap inom totalf\u00f6rsvaret. Deltagarna f\u00e5r m\u00f6jlighet att f\u00f6rdjupa sig i hur deras respektive roller och ansvar kan bidra till en effektiv och framg\u00e5ngsrik samverkan f\u00f6r samh\u00e4llss\u00e4kerheten.<\/p>\t\t\t\t\t\t\t\t<\/div>\n\t\t\t\t<\/div>\n\t\t\t\t<div class=\"elementor-element elementor-element-a09ec18 elementor-align-left elementor-tablet-align-left elementor-mobile-align-center elementor-widget elementor-widget-button\" data-id=\"a09ec18\" data-element_type=\"widget\" data-widget_type=\"button.default\">\n\t\t\t\t<div class=\"elementor-widget-container\">\n\t\t\t\t\t\t\t\t\t<div class=\"elementor-button-wrapper\">\n\t\t\t\t\t<a class=\"elementor-button elementor-button-link elementor-size-sm elementor-animation-grow\" href=\"https:\/\/www.samhallssakerhet.se\/sv\/aktuellt\/\">\n\t\t\t\t\t\t<span class=\"elementor-button-content-wrapper\">\n\t\t\t\t\t\t\t\t\t<span class=\"elementor-button-text\">Alla nyheter<\/span>\n\t\t\t\t\t<\/span>\n\t\t\t\t\t<\/a>\n\t\t\t\t<\/div>\n\t\t\t\t\t\t\t\t<\/div>\n\t\t\t\t<\/div>\n\t\t\t\t\t<\/div>\n\t\t<\/div>\n\t\t\t\t\t<\/div>\n\t\t<\/section>\n\t\t\t\t\t<\/div>\n\t\t<\/div>\n\t\t\t\t<div class=\"elementor-column elementor-col-33 elementor-top-column elementor-element elementor-element-a42bdfe\" data-id=\"a42bdfe\" data-element_type=\"column\">\n\t\t\t<div class=\"elementor-widget-wrap elementor-element-populated\">\n\t\t\t\t\t\t<div class=\"elementor-element elementor-element-7481e6e elementor-widget elementor-widget-heading\" data-id=\"7481e6e\" data-element_type=\"widget\" data-widget_type=\"heading.default\">\n\t\t\t\t<div class=\"elementor-widget-container\">\n\t\t\t\t\t<h4 class=\"elementor-heading-title elementor-size-default\">Dela inl\u00e4gget:<\/h4>\t\t\t\t<\/div>\n\t\t\t\t<\/div>\n\t\t\t\t<div class=\"elementor-element elementor-element-16a2fd8 elementor-share-buttons--view-icon elementor-share-buttons--color-custom elementor-share-buttons--skin-minimal elementor-share-buttons--shape-circle elementor-grid-0 elementor-widget elementor-widget-share-buttons\" data-id=\"16a2fd8\" data-element_type=\"widget\" data-widget_type=\"share-buttons.default\">\n\t\t\t\t<div class=\"elementor-widget-container\">\n\t\t\t\t\t\t\t<div class=\"elementor-grid\" role=\"list\">\n\t\t\t\t\t\t\t\t<div class=\"elementor-grid-item\" role=\"listitem\">\n\t\t\t\t\t\t<div class=\"elementor-share-btn elementor-share-btn_facebook\" role=\"button\" tabindex=\"0\" aria-label=\"Share on facebook\">\n\t\t\t\t\t\t\t\t\t\t\t\t\t\t\t<span class=\"elementor-share-btn__icon\">\n\t\t\t\t\t\t\t\t<i class=\"fab fa-facebook\" aria-hidden=\"true\"><\/i>\t\t\t\t\t\t\t<\/span>\n\t\t\t\t\t\t\t\t\t\t\t\t\t\t\t\t\t\t\t\t<\/div>\n\t\t\t\t\t<\/div>\n\t\t\t\t\t\t\t\t\t<div class=\"elementor-grid-item\" role=\"listitem\">\n\t\t\t\t\t\t<div class=\"elementor-share-btn elementor-share-btn_linkedin\" role=\"button\" tabindex=\"0\" aria-label=\"Share on linkedin\">\n\t\t\t\t\t\t\t\t\t\t\t\t\t\t\t<span class=\"elementor-share-btn__icon\">\n\t\t\t\t\t\t\t\t<i class=\"fab fa-linkedin\" aria-hidden=\"true\"><\/i>\t\t\t\t\t\t\t<\/span>\n\t\t\t\t\t\t\t\t\t\t\t\t\t\t\t\t\t\t\t\t<\/div>\n\t\t\t\t\t<\/div>\n\t\t\t\t\t\t<\/div>\n\t\t\t\t\t\t<\/div>\n\t\t\t\t<\/div>\n\t\t\t\t<div class=\"elementor-element elementor-element-949bbde elementor-widget elementor-widget-heading\" data-id=\"949bbde\" data-element_type=\"widget\" data-widget_type=\"heading.default\">\n\t\t\t\t<div class=\"elementor-widget-container\">\n\t\t\t\t\t<h4 class=\"elementor-heading-title elementor-size-default\">Senaste:<\/h4>\t\t\t\t<\/div>\n\t\t\t\t<\/div>\n\t\t\t\t<div class=\"elementor-element elementor-element-414e9b8 elementor-grid-1 elementor-grid-tablet-2 elementor-grid-mobile-1 elementor-posts--thumbnail-header elementor-card-shadow-yes elementor-posts__hover-gradient elementor-widget elementor-widget-posts\" data-id=\"414e9b8\" data-element_type=\"widget\" data-settings=\"{&quot;cards_wex_columns&quot;:&quot;1&quot;,&quot;cards_wex_columns_tablet&quot;:&quot;2&quot;,&quot;cards_wex_columns_mobile&quot;:&quot;1&quot;,&quot;cards_wex_row_gap&quot;:{&quot;unit&quot;:&quot;px&quot;,&quot;size&quot;:35,&quot;sizes&quot;:[]},&quot;cards_wex_row_gap_tablet&quot;:{&quot;unit&quot;:&quot;px&quot;,&quot;size&quot;:&quot;&quot;,&quot;sizes&quot;:[]},&quot;cards_wex_row_gap_mobile&quot;:{&quot;unit&quot;:&quot;px&quot;,&quot;size&quot;:&quot;&quot;,&quot;sizes&quot;:[]}}\" data-widget_type=\"posts.cards_wex\">\n\t\t\t\t<div class=\"elementor-widget-container\">\n\t\t\t\t\t\t\t<div class=\"elementor-posts-container elementor-posts elementor-posts--skin-cards elementor-grid\" role=\"list\">\n\t\t\t\t<article class=\"elementor-post elementor-grid-item post-51962 post type-post status-publish format-standard has-post-thumbnail hentry category-okategoriserad\" role=\"listitem\">\n\t\t\t<div class=\"elementor-post__card\">\n\t\t        <a class=\"elementor-post__thumbnail__link\" href=\"https:\/\/www.samhallssakerhet.se\/sv\/2026\/03\/12\/utan-ideella-krafter-stannar-sverige-sar-sweden-visar-vad-samhallsnytta-betyder-i-praktiken\/\">\n            <div class=\"elementor-post__thumbnail\"><img fetchpriority=\"high\" decoding=\"async\" width=\"485\" height=\"300\" src=\"https:\/\/easyfairsassets.com\/sites\/139\/2026\/03\/Blogg_SAR.png\" class=\"attachment-medium_large size-medium_large wp-image-51983\" alt=\"SAR\" srcset=\"https:\/\/easyfairsassets.com\/sites\/139\/2026\/03\/Blogg_SAR.png 485w, https:\/\/easyfairsassets.com\/sites\/139\/2026\/03\/Blogg_SAR-300x186.png 300w\" sizes=\"(max-width: 485px) 100vw, 485px\" \/><\/div>\n        <\/a>\n         <div data-type=\"post\" data-id=\"51962\" data-nonce=\"06af3093c4\" class=\"elementor-post__badge btn_feedback easyfairs_like post notsaved left\" tabindex=\"51962\" ><i class=\"fa fa-star-o\" aria-hidden=\"true\"><\/i><\/div>\t\t<div class=\"elementor-post__text\">\n\t\t\t\t<h3 class=\"elementor-post__title\">\n\t\t\t<a href=\"https:\/\/www.samhallssakerhet.se\/sv\/2026\/03\/12\/utan-ideella-krafter-stannar-sverige-sar-sweden-visar-vad-samhallsnytta-betyder-i-praktiken\/\" >\n\t\t\t\tUtan ideella krafter stannar Sverige \u2013 SAR Sweden visar vad samh\u00e4llsnytta betyder i praktiken\t\t\t<\/a>\n\t\t<\/h3>\n\t\t        <a href=\"https:\/\/www.samhallssakerhet.se\/sv\/2026\/03\/12\/utan-ideella-krafter-stannar-sverige-sar-sweden-visar-vad-samhallsnytta-betyder-i-praktiken\/\" class=\"elementor-post__excerpt\">\n            <p>Utan ideella krafter stannar Sverige SAR Sweden visar vad samh\u00e4llsnytta betyder i praktiken Inf\u00f6r M\u00f6tesplats Samh\u00e4llss\u00e4kerhet har vi tr\u00e4ffat Daniel Sandberg, grundare av SAR Sweden,<\/p>\n        <\/a>\n        \n\t\t<a class=\"elementor-post__read-more\" href=\"https:\/\/www.samhallssakerhet.se\/sv\/2026\/03\/12\/utan-ideella-krafter-stannar-sverige-sar-sweden-visar-vad-samhallsnytta-betyder-i-praktiken\/\" aria-label=\"Read more about Utan ideella krafter stannar Sverige \u2013 SAR Sweden visar vad samh\u00e4llsnytta betyder i praktiken\" tabindex=\"-1\" >\n\t\t\tL\u00e4s mer \u00bb\t\t<\/a>\n\n\t\t        <div class=\"elementor-post__meta-data\">\n            \t\t<span class=\"elementor-post-date\">\n\t\t\t12 mars, 2026\t\t<\/span>\n\t\t        <\/div>\n        \t\t<\/div>\n\t\t\t\t\t<\/div>\n\t\t<\/article>\n\t\t\t\t<article class=\"elementor-post elementor-grid-item post-51945 post type-post status-publish format-standard has-post-thumbnail hentry category-okategoriserad\" role=\"listitem\">\n\t\t\t<div class=\"elementor-post__card\">\n\t\t        <a class=\"elementor-post__thumbnail__link\" href=\"https:\/\/www.samhallssakerhet.se\/sv\/2026\/03\/11\/elementor-51945\/\">\n            <div class=\"elementor-post__thumbnail\"><img decoding=\"async\" width=\"485\" height=\"300\" src=\"https:\/\/easyfairsassets.com\/sites\/139\/2025\/10\/Blogg_Kultur-och-Kvalitet.png\" class=\"attachment-medium_large size-medium_large wp-image-51954\" alt=\"Kultur och Kvalitet\" srcset=\"https:\/\/easyfairsassets.com\/sites\/139\/2025\/10\/Blogg_Kultur-och-Kvalitet.png 485w, https:\/\/easyfairsassets.com\/sites\/139\/2025\/10\/Blogg_Kultur-och-Kvalitet-300x186.png 300w\" sizes=\"(max-width: 485px) 100vw, 485px\" \/><\/div>\n        <\/a>\n         <div data-type=\"post\" data-id=\"51945\" data-nonce=\"7557ecd13c\" class=\"elementor-post__badge btn_feedback easyfairs_like post notsaved left\" tabindex=\"51945\" ><i class=\"fa fa-star-o\" aria-hidden=\"true\"><\/i><\/div>\t\t<div class=\"elementor-post__text\">\n\t\t\t\t<h3 class=\"elementor-post__title\">\n\t\t\t<a href=\"https:\/\/www.samhallssakerhet.se\/sv\/2026\/03\/11\/elementor-51945\/\" >\n\t\t\t\tM\u00f6t Kultur och Kvalitet p\u00e5 M\u00f6tesplats Samh\u00e4llss\u00e4kerhet 2026\t\t\t<\/a>\n\t\t<\/h3>\n\t\t        <a href=\"https:\/\/www.samhallssakerhet.se\/sv\/2026\/03\/11\/elementor-51945\/\" class=\"elementor-post__excerpt\">\n            <p>Intervju med Johanna Bergsten Kultur och Kvalitet &#8211; workshops med AVTRYCK Hur skapar vi ett tryggt samh\u00e4lle d\u00e4r alla verkligen f\u00e5r plats \u2013 ocks\u00e5 personer<\/p>\n        <\/a>\n        \n\t\t<a class=\"elementor-post__read-more\" href=\"https:\/\/www.samhallssakerhet.se\/sv\/2026\/03\/11\/elementor-51945\/\" aria-label=\"Read more about M\u00f6t Kultur och Kvalitet p\u00e5 M\u00f6tesplats Samh\u00e4llss\u00e4kerhet 2026\" tabindex=\"-1\" >\n\t\t\tL\u00e4s mer \u00bb\t\t<\/a>\n\n\t\t        <div class=\"elementor-post__meta-data\">\n            \t\t<span class=\"elementor-post-date\">\n\t\t\t11 mars, 2026\t\t<\/span>\n\t\t        <\/div>\n        \t\t<\/div>\n\t\t\t\t\t<\/div>\n\t\t<\/article>\n\t\t\t\t<\/div>\n\t\t\n\t\t\t\t\t\t<\/div>\n\t\t\t\t<\/div>\n\t\t\t\t\t<\/div>\n\t\t<\/div>\n\t\t\t\t\t<\/div>\n\t\t<\/section>\n\t\t\t\t<section class=\"elementor-section elementor-top-section elementor-element elementor-element-2d3b4dc elementor-section-boxed elementor-section-height-default elementor-section-height-default\" data-id=\"2d3b4dc\" data-element_type=\"section\" data-settings=\"{&quot;background_background&quot;:&quot;gradient&quot;}\">\n\t\t\t\t\t\t<div class=\"elementor-container elementor-column-gap-default\">\n\t\t\t\t\t<div class=\"elementor-column elementor-col-50 elementor-top-column elementor-element elementor-element-3f5c0be\" data-id=\"3f5c0be\" data-element_type=\"column\">\n\t\t\t<div class=\"elementor-widget-wrap elementor-element-populated\">\n\t\t\t\t\t\t<div class=\"elementor-element elementor-element-1730180 elementor-widget elementor-widget-image\" data-id=\"1730180\" data-element_type=\"widget\" data-widget_type=\"image.default\">\n\t\t\t\t<div class=\"elementor-widget-container\">\n\t\t\t\t\t\t\t\t\t\t\t\t\t\t\t<img decoding=\"async\" width=\"800\" height=\"676\" src=\"https:\/\/easyfairsassets.com\/sites\/139\/2024\/09\/Iphone-mockup_samsak-1-1024x865.png\" class=\"attachment-large size-large wp-image-39144\" alt=\"Mobiltelefon med M\u00f6tesplats Samh\u00e4llss\u00e4kerhets logotyp\" srcset=\"https:\/\/easyfairsassets.com\/sites\/139\/2024\/09\/Iphone-mockup_samsak-1-1024x865.png 1024w, https:\/\/easyfairsassets.com\/sites\/139\/2024\/09\/Iphone-mockup_samsak-1-300x253.png 300w, https:\/\/easyfairsassets.com\/sites\/139\/2024\/09\/Iphone-mockup_samsak-1-768x649.png 768w, https:\/\/easyfairsassets.com\/sites\/139\/2024\/09\/Iphone-mockup_samsak-1-1536x1298.png 1536w, https:\/\/easyfairsassets.com\/sites\/139\/2024\/09\/Iphone-mockup_samsak-1.png 1920w\" sizes=\"(max-width: 800px) 100vw, 800px\" \/>\t\t\t\t\t\t\t\t\t\t\t\t\t\t\t<\/div>\n\t\t\t\t<\/div>\n\t\t\t\t\t<\/div>\n\t\t<\/div>\n\t\t\t\t<div class=\"elementor-column elementor-col-50 elementor-top-column elementor-element elementor-element-3151c63\" data-id=\"3151c63\" data-element_type=\"column\">\n\t\t\t<div class=\"elementor-widget-wrap elementor-element-populated\">\n\t\t\t\t\t\t<div class=\"elementor-element elementor-element-3612e22 elementor-widget elementor-widget-heading\" data-id=\"3612e22\" data-element_type=\"widget\" data-widget_type=\"heading.default\">\n\t\t\t\t<div class=\"elementor-widget-container\">\n\t\t\t\t\t<h2 class=\"elementor-heading-title elementor-size-default\">L\u00e5t oss h\u00e5lla kontakten!<\/h2>\t\t\t\t<\/div>\n\t\t\t\t<\/div>\n\t\t\t\t<div class=\"elementor-element elementor-element-4db4ba9 elementor-widget elementor-widget-heading\" data-id=\"4db4ba9\" data-element_type=\"widget\" data-widget_type=\"heading.default\">\n\t\t\t\t<div class=\"elementor-widget-container\">\n\t\t\t\t\t<h5 class=\"elementor-heading-title elementor-size-default\">Anm\u00e4l dig till v\u00e5rt nyhetsbrev och f\u00e5 den senaste informationen om m\u00f6tesplatsen. <\/h5>\t\t\t\t<\/div>\n\t\t\t\t<\/div>\n\t\t\t\t<div class=\"elementor-element elementor-element-c57fdd7 elementor-button-align-start elementor-widget elementor-widget-form\" data-id=\"c57fdd7\" data-element_type=\"widget\" data-settings=\"{&quot;step_next_label&quot;:&quot;Next&quot;,&quot;step_previous_label&quot;:&quot;Previous&quot;,&quot;button_width&quot;:&quot;100&quot;,&quot;step_type&quot;:&quot;number_text&quot;,&quot;step_icon_shape&quot;:&quot;circle&quot;}\" data-widget_type=\"form.default\">\n\t\t\t\t<div class=\"elementor-widget-container\">\n\t\t\t\t\t\t\t<form class=\"elementor-form\" method=\"post\" id=\"newsletter\" name=\"New Form\" aria-label=\"New Form\">\n\t\t\t<input type=\"hidden\" name=\"post_id\" value=\"41000\"\/>\n\t\t\t<input type=\"hidden\" name=\"form_id\" value=\"c57fdd7\"\/>\n\t\t\t<input type=\"hidden\" name=\"referer_title\" value=\"\" \/>\n\n\t\t\t\n\t\t\t<div class=\"elementor-form-fields-wrapper elementor-labels-\">\n\t\t\t\t\t\t\t\t<div class=\"elementor-field-type-email elementor-field-group elementor-column elementor-field-group-Email elementor-col-100 elementor-field-required\">\n\t\t\t\t\t\t\t\t\t\t\t\t<label for=\"form-field-Email\" class=\"elementor-field-label elementor-screen-only\">\n\t\t\t\t\t\t\t\tE-post\t\t\t\t\t\t\t<\/label>\n\t\t\t\t\t\t\t\t\t\t\t\t\t\t<input size=\"1\" type=\"email\" name=\"form_fields[Email]\" id=\"form-field-Email\" class=\"elementor-field elementor-size-md  elementor-field-textual\" placeholder=\"E-post\" required=\"required\">\n\t\t\t\t\t\t\t\t\t\t\t<\/div>\n\t\t\t\t\t\t\t\t<div class=\"elementor-field-type-hidden elementor-field-group elementor-column elementor-field-group-Optin elementor-col-100\">\n\t\t\t\t\t\t\t\t\t\t\t\t\t<input size=\"1\" type=\"hidden\" name=\"form_fields[Optin]\" id=\"form-field-Optin\" class=\"elementor-field elementor-size-md  elementor-field-textual\" value=\"True\">\n\t\t\t\t\t\t\t\t\t\t\t<\/div>\n\t\t\t\t\t\t\t\t<div class=\"elementor-field-type-checkbox elementor-field-group elementor-column elementor-field-group-field_8e1c204 elementor-col-100\">\n\t\t\t\t\t<div class=\"elementor-field-subgroup  \"><span class=\"elementor-field-option\"><input type=\"checkbox\" value=\"Jag godk\u00e4nner att Easyfairs AB anv\u00e4nder min E-mail i marknadsf\u00f6ringssyfte.\" id=\"form-field-field_8e1c204-0\" name=\"form_fields[field_8e1c204]\"> <label for=\"form-field-field_8e1c204-0\">Jag godk\u00e4nner att Easyfairs AB anv\u00e4nder min E-mail i marknadsf\u00f6ringssyfte.<\/label><\/span><\/div>\t\t\t\t<\/div>\n\t\t\t\t\t\t\t\t<div class=\"elementor-field-type-recaptcha_v3 elementor-field-group elementor-column elementor-field-group-field_297d64f elementor-col-100 recaptcha_v3-bottomright\">\n\t\t\t\t\t<div class=\"elementor-field\" id=\"form-field-field_297d64f\"><div class=\"elementor-g-recaptcha\" data-sitekey=\"6Lfgx1MiAAAAACQrclYShfaAaJJaX_Jl9Zv6W8pJ\" data-type=\"v3\" data-action=\"Form\" data-badge=\"bottomright\" data-size=\"invisible\"><\/div><\/div>\t\t\t\t<\/div>\n\t\t\t\t\t\t\t\t<div class=\"elementor-field-group elementor-column elementor-field-type-submit elementor-col-100 e-form__buttons\">\n\t\t\t\t\t<button class=\"elementor-button elementor-size-md elementor-animation-grow\" type=\"submit\">\n\t\t\t\t\t\t<span class=\"elementor-button-content-wrapper\">\n\t\t\t\t\t\t\t\t\t\t\t\t\t\t\t\t\t\t\t\t\t\t<span class=\"elementor-button-text\">Nyhetsbrev, Ja tack!<\/span>\n\t\t\t\t\t\t\t\t\t\t\t\t\t<\/span>\n\t\t\t\t\t<\/button>\n\t\t\t\t<\/div>\n\t\t\t<\/div>\n\t\t<\/form>\n\t\t\t\t\t\t<\/div>\n\t\t\t\t<\/div>\n\t\t\t\t\t<\/div>\n\t\t<\/div>\n\t\t\t\t\t<\/div>\n\t\t<\/section>\n\t\t\t\t<\/div>\n\t\t","protected":false},"excerpt":{"rendered":"<p>Detta programsp\u00e5r, som leds av Sveriges Kommuner och Regioner (SKR), fokuserar p\u00e5 hur samverkan kan st\u00e4rka totalf\u00f6rsvarsberedskapen p\u00e5 lokal, regional och nationell niv\u00e5.<\/p>\n","protected":false},"author":1062,"featured_media":41009,"comment_status":"closed","ping_status":"open","sticky":false,"template":"elementor_header_footer","format":"standard","meta":{"_seopress_robots_primary_cat":"none","_seopress_titles_title":"Samverkan och samordning inom totalf\u00f6rsvaret | M\u00f6tesplats Samh\u00e4llss\u00e4kerhet","_seopress_titles_desc":"Detta programsp\u00e5r, som leds av Sveriges Kommuner och Regioner (SKR), fokuserar p\u00e5 hur samverkan kan st\u00e4rka totalf\u00f6rsvarsberedskapen p\u00e5 lokal, regional och nationell niv\u00e5.","_seopress_robots_index":"","footnotes":""},"categories":[1],"tags":[],"edition":[],"class_list":["post-41000","post","type-post","status-publish","format-standard","has-post-thumbnail","hentry","category-okategoriserad"],"_links":{"self":[{"href":"https:\/\/www.samhallssakerhet.se\/sv\/wp-json\/wp\/v2\/posts\/41000","targetHints":{"allow":["GET"]}}],"collection":[{"href":"https:\/\/www.samhallssakerhet.se\/sv\/wp-json\/wp\/v2\/posts"}],"about":[{"href":"https:\/\/www.samhallssakerhet.se\/sv\/wp-json\/wp\/v2\/types\/post"}],"author":[{"embeddable":true,"href":"https:\/\/www.samhallssakerhet.se\/sv\/wp-json\/wp\/v2\/users\/1062"}],"replies":[{"embeddable":true,"href":"https:\/\/www.samhallssakerhet.se\/sv\/wp-json\/wp\/v2\/comments?post=41000"}],"version-history":[{"count":5,"href":"https:\/\/www.samhallssakerhet.se\/sv\/wp-json\/wp\/v2\/posts\/41000\/revisions"}],"predecessor-version":[{"id":47999,"href":"https:\/\/www.samhallssakerhet.se\/sv\/wp-json\/wp\/v2\/posts\/41000\/revisions\/47999"}],"wp:featuredmedia":[{"embeddable":true,"href":"https:\/\/www.samhallssakerhet.se\/sv\/wp-json\/wp\/v2\/media\/41009"}],"wp:attachment":[{"href":"https:\/\/www.samhallssakerhet.se\/sv\/wp-json\/wp\/v2\/media?parent=41000"}],"wp:term":[{"taxonomy":"category","embeddable":true,"href":"https:\/\/www.samhallssakerhet.se\/sv\/wp-json\/wp\/v2\/categories?post=41000"},{"taxonomy":"post_tag","embeddable":true,"href":"https:\/\/www.samhallssakerhet.se\/sv\/wp-json\/wp\/v2\/tags?post=41000"},{"taxonomy":"edition","embeddable":true,"href":"https:\/\/www.samhallssakerhet.se\/sv\/wp-json\/wp\/v2\/edition?post=41000"}],"curies":[{"name":"wp","href":"https:\/\/api.w.org\/{rel}","templated":true}]}}