{"id":40330,"date":"2024-11-07T11:24:32","date_gmt":"2024-11-07T10:24:32","guid":{"rendered":"https:\/\/www.samhallssakerhet.se\/?p=40330"},"modified":"2025-08-06T09:35:28","modified_gmt":"2025-08-06T07:35:28","slug":"katarina-tracz-moderator-och-ansvarig-for-plenarsessionerna-pa-motesplats-samhallssakerhet-2025","status":"publish","type":"post","link":"https:\/\/www.samhallssakerhet.se\/sv\/2024\/11\/07\/katarina-tracz-moderator-och-ansvarig-for-plenarsessionerna-pa-motesplats-samhallssakerhet-2025\/","title":{"rendered":"Katarina Tracz \u2013 Moderator och ansvarig f\u00f6r Plenarsessionerna p\u00e5 M\u00f6tesplats Samh\u00e4llss\u00e4kerhet 2025"},"content":{"rendered":"\t\t<div data-elementor-type=\"wp-post\" data-elementor-id=\"40330\" class=\"elementor elementor-40330\" data-elementor-post-type=\"post\">\n\t\t\t\t\t\t<section class=\"elementor-section elementor-top-section elementor-element elementor-element-642a23d elementor-section-boxed elementor-section-height-default elementor-section-height-default\" data-id=\"642a23d\" data-element_type=\"section\">\n\t\t\t\t\t\t<div class=\"elementor-container elementor-column-gap-default\">\n\t\t\t\t\t<div class=\"elementor-column elementor-col-66 elementor-top-column elementor-element elementor-element-8bb8abd\" data-id=\"8bb8abd\" data-element_type=\"column\" data-settings=\"{&quot;background_background&quot;:&quot;classic&quot;}\">\n\t\t\t<div class=\"elementor-widget-wrap elementor-element-populated\">\n\t\t\t\t\t\t<div class=\"elementor-element elementor-element-63434f1 elementor-widget elementor-widget-heading\" data-id=\"63434f1\" data-element_type=\"widget\" data-widget_type=\"heading.default\">\n\t\t\t\t<div class=\"elementor-widget-container\">\n\t\t\t\t\t<h1 class=\"elementor-heading-title elementor-size-default\">Katarina Tracz \u2013 Moderator och ansvarig f\u00f6r Plenarsessionerna p\u00e5 M\u00f6tesplats Samh\u00e4llss\u00e4kerhet 2025<\/h1>\t\t\t\t<\/div>\n\t\t\t\t<\/div>\n\t\t\t\t<div class=\"elementor-element elementor-element-765e033 elementor-widget elementor-widget-image\" data-id=\"765e033\" data-element_type=\"widget\" data-widget_type=\"image.default\">\n\t\t\t\t<div class=\"elementor-widget-container\">\n\t\t\t\t\t\t\t\t\t\t\t\t<figure class=\"wp-caption\">\n\t\t\t\t\t\t\t\t\t\t<img decoding=\"async\" src=\"https:\/\/easyfairsassets.com\/sites\/139\/2024\/11\/Katarina-Tracz-blogg.png\" title=\"Katarina Tracz &#8211; blogg\" alt=\"Katarina Tracz - blogg\" loading=\"lazy\" \/>\t\t\t\t\t\t\t\t\t\t\t<figcaption class=\"widget-image-caption wp-caption-text\"><\/figcaption>\n\t\t\t\t\t\t\t\t\t\t<\/figure>\n\t\t\t\t\t\t\t\t\t<\/div>\n\t\t\t\t<\/div>\n\t\t\t\t<section class=\"elementor-section elementor-inner-section elementor-element elementor-element-33d0884 elementor-section-boxed elementor-section-height-default elementor-section-height-default\" data-id=\"33d0884\" data-element_type=\"section\">\n\t\t\t\t\t\t<div class=\"elementor-container elementor-column-gap-default\">\n\t\t\t\t\t<div class=\"elementor-column elementor-col-100 elementor-inner-column elementor-element elementor-element-c7934b0\" data-id=\"c7934b0\" data-element_type=\"column\">\n\t\t\t<div class=\"elementor-widget-wrap elementor-element-populated\">\n\t\t\t\t\t\t<div class=\"elementor-element elementor-element-f94eaa1 elementor-widget elementor-widget-text-editor\" data-id=\"f94eaa1\" data-element_type=\"widget\" data-widget_type=\"text-editor.default\">\n\t\t\t\t<div class=\"elementor-widget-container\">\n\t\t\t\t\t\t\t\t\t<p><strong>Vi \u00e4r glada att kunna presentera Katarina Tracz som ansvarig f\u00f6r M\u00f6tesplats Samh\u00e4llss\u00e4kerhets plenara sessioner och som moderator f\u00f6r konferensen. Katarina, som \u00e4r kommunikationsr\u00e5dgivare och s\u00e4kerhetsexpert, har gedigen erfarenhet inom krisberedskap och s\u00e4kerhetspolitisk analys och kommer att leda samtal om \u00e5rets tema: &#8221;Samh\u00e4llets Motst\u00e5ndskraft &#8211; Samverkan f\u00f6r en S\u00e4ker Framtid.&#8221;<\/strong><\/p><p>Med en bakgrund inom b\u00e5de offentlig och privat sektor har Katarina l\u00e5ng erfarenhet av att arbeta f\u00f6r att st\u00e4rka Sveriges beredskap och samverkan. Hon lyfter fram vikten av helhetsperspektiv och strategiskt samarbete f\u00f6r att kunna m\u00f6ta dagens komplexa s\u00e4kerhetsutmaningar. &#8221;Vi st\u00e5r inf\u00f6r gr\u00e4ns\u00f6verskridande s\u00e4kerhetshot som kr\u00e4ver att olika samh\u00e4llssektorer drar \u00e5t samma h\u00e5ll. Strategisk och gemensam samordning blir avg\u00f6rande f\u00f6r v\u00e5r s\u00e4kerhet,&#8221; s\u00e4ger hon.<\/p><p>Under konferensen kommer deltagare fr\u00e5n politik, n\u00e4ringsliv, kommuner, myndigheter och civilsamh\u00e4llet att f\u00e5 diskutera b\u00e5de strategier och konkreta verktyg f\u00f6r att st\u00e4rka samh\u00e4llets motst\u00e5ndskraft. Katarina ser fram emot givande samtal och praktiska \u00f6vningar som bidrar till ett starkare Sverige.<\/p><p>Missa inte m\u00f6jligheten att delta i denna viktiga m\u00f6tesplats f\u00f6r samverkan och s\u00e4kerhet, som arrangeras av Easyfairs p\u00e5 Kistam\u00e4ssan i Stockholm.<\/p>\t\t\t\t\t\t\t\t<\/div>\n\t\t\t\t<\/div>\n\t\t\t\t<div class=\"elementor-element elementor-element-97f3c95 elementor-align-left elementor-tablet-align-left elementor-mobile-align-center elementor-widget elementor-widget-button\" data-id=\"97f3c95\" data-element_type=\"widget\" data-widget_type=\"button.default\">\n\t\t\t\t<div class=\"elementor-widget-container\">\n\t\t\t\t\t\t\t\t\t<div class=\"elementor-button-wrapper\">\n\t\t\t\t\t<a class=\"elementor-button elementor-button-link elementor-size-sm elementor-animation-grow\" href=\"https:\/\/www.samhallssakerhet.se\/sv\/aktuellt\/\">\n\t\t\t\t\t\t<span class=\"elementor-button-content-wrapper\">\n\t\t\t\t\t\t\t\t\t<span class=\"elementor-button-text\">Alla nyheter<\/span>\n\t\t\t\t\t<\/span>\n\t\t\t\t\t<\/a>\n\t\t\t\t<\/div>\n\t\t\t\t\t\t\t\t<\/div>\n\t\t\t\t<\/div>\n\t\t\t\t\t<\/div>\n\t\t<\/div>\n\t\t\t\t\t<\/div>\n\t\t<\/section>\n\t\t\t\t\t<\/div>\n\t\t<\/div>\n\t\t\t\t<div class=\"elementor-column elementor-col-33 elementor-top-column elementor-element elementor-element-afad058\" data-id=\"afad058\" data-element_type=\"column\">\n\t\t\t<div class=\"elementor-widget-wrap elementor-element-populated\">\n\t\t\t\t\t\t<div class=\"elementor-element elementor-element-c30f63f elementor-widget elementor-widget-heading\" data-id=\"c30f63f\" data-element_type=\"widget\" data-widget_type=\"heading.default\">\n\t\t\t\t<div class=\"elementor-widget-container\">\n\t\t\t\t\t<h4 class=\"elementor-heading-title elementor-size-default\">Dela inl\u00e4gget:<\/h4>\t\t\t\t<\/div>\n\t\t\t\t<\/div>\n\t\t\t\t<div class=\"elementor-element elementor-element-bdc8dba elementor-share-buttons--view-icon elementor-share-buttons--color-custom elementor-share-buttons--skin-minimal elementor-share-buttons--shape-circle elementor-grid-0 elementor-widget elementor-widget-share-buttons\" data-id=\"bdc8dba\" data-element_type=\"widget\" data-widget_type=\"share-buttons.default\">\n\t\t\t\t<div class=\"elementor-widget-container\">\n\t\t\t\t\t\t\t<div class=\"elementor-grid\" role=\"list\">\n\t\t\t\t\t\t\t\t<div class=\"elementor-grid-item\" role=\"listitem\">\n\t\t\t\t\t\t<div class=\"elementor-share-btn elementor-share-btn_facebook\" role=\"button\" tabindex=\"0\" aria-label=\"Share on facebook\">\n\t\t\t\t\t\t\t\t\t\t\t\t\t\t\t<span class=\"elementor-share-btn__icon\">\n\t\t\t\t\t\t\t\t<i class=\"fab fa-facebook\" aria-hidden=\"true\"><\/i>\t\t\t\t\t\t\t<\/span>\n\t\t\t\t\t\t\t\t\t\t\t\t\t\t\t\t\t\t\t\t<\/div>\n\t\t\t\t\t<\/div>\n\t\t\t\t\t\t\t\t\t<div class=\"elementor-grid-item\" role=\"listitem\">\n\t\t\t\t\t\t<div class=\"elementor-share-btn elementor-share-btn_linkedin\" role=\"button\" tabindex=\"0\" aria-label=\"Share on linkedin\">\n\t\t\t\t\t\t\t\t\t\t\t\t\t\t\t<span class=\"elementor-share-btn__icon\">\n\t\t\t\t\t\t\t\t<i class=\"fab fa-linkedin\" aria-hidden=\"true\"><\/i>\t\t\t\t\t\t\t<\/span>\n\t\t\t\t\t\t\t\t\t\t\t\t\t\t\t\t\t\t\t\t<\/div>\n\t\t\t\t\t<\/div>\n\t\t\t\t\t\t<\/div>\n\t\t\t\t\t\t<\/div>\n\t\t\t\t<\/div>\n\t\t\t\t<div class=\"elementor-element elementor-element-1a80a2c elementor-widget elementor-widget-heading\" data-id=\"1a80a2c\" data-element_type=\"widget\" data-widget_type=\"heading.default\">\n\t\t\t\t<div class=\"elementor-widget-container\">\n\t\t\t\t\t<h4 class=\"elementor-heading-title elementor-size-default\">Senaste:<\/h4>\t\t\t\t<\/div>\n\t\t\t\t<\/div>\n\t\t\t\t<div class=\"elementor-element elementor-element-c18fa2c elementor-grid-1 elementor-grid-tablet-2 elementor-grid-mobile-1 elementor-posts--thumbnail-header elementor-card-shadow-yes elementor-posts__hover-gradient elementor-widget elementor-widget-posts\" data-id=\"c18fa2c\" data-element_type=\"widget\" data-settings=\"{&quot;cards_wex_columns&quot;:&quot;1&quot;,&quot;cards_wex_columns_tablet&quot;:&quot;2&quot;,&quot;cards_wex_columns_mobile&quot;:&quot;1&quot;,&quot;cards_wex_row_gap&quot;:{&quot;unit&quot;:&quot;px&quot;,&quot;size&quot;:35,&quot;sizes&quot;:[]},&quot;cards_wex_row_gap_tablet&quot;:{&quot;unit&quot;:&quot;px&quot;,&quot;size&quot;:&quot;&quot;,&quot;sizes&quot;:[]},&quot;cards_wex_row_gap_mobile&quot;:{&quot;unit&quot;:&quot;px&quot;,&quot;size&quot;:&quot;&quot;,&quot;sizes&quot;:[]}}\" data-widget_type=\"posts.cards_wex\">\n\t\t\t\t<div class=\"elementor-widget-container\">\n\t\t\t\t\t\t\t<div class=\"elementor-posts-container elementor-posts elementor-posts--skin-cards elementor-grid\" role=\"list\">\n\t\t\t\t<article class=\"elementor-post elementor-grid-item post-51962 post type-post status-publish format-standard has-post-thumbnail hentry category-okategoriserad\" role=\"listitem\">\n\t\t\t<div class=\"elementor-post__card\">\n\t\t        <a class=\"elementor-post__thumbnail__link\" href=\"https:\/\/www.samhallssakerhet.se\/sv\/2026\/03\/12\/utan-ideella-krafter-stannar-sverige-sar-sweden-visar-vad-samhallsnytta-betyder-i-praktiken\/\">\n            <div class=\"elementor-post__thumbnail\"><img fetchpriority=\"high\" decoding=\"async\" width=\"485\" height=\"300\" src=\"https:\/\/easyfairsassets.com\/sites\/139\/2026\/03\/Blogg_SAR.png\" class=\"attachment-medium_large size-medium_large wp-image-51983\" alt=\"SAR\" srcset=\"https:\/\/easyfairsassets.com\/sites\/139\/2026\/03\/Blogg_SAR.png 485w, https:\/\/easyfairsassets.com\/sites\/139\/2026\/03\/Blogg_SAR-300x186.png 300w\" sizes=\"(max-width: 485px) 100vw, 485px\" \/><\/div>\n        <\/a>\n         <div data-type=\"post\" data-id=\"51962\" data-nonce=\"06af3093c4\" class=\"elementor-post__badge btn_feedback easyfairs_like post notsaved left\" tabindex=\"51962\" ><i class=\"fa fa-star-o\" aria-hidden=\"true\"><\/i><\/div>\t\t<div class=\"elementor-post__text\">\n\t\t\t\t<h3 class=\"elementor-post__title\">\n\t\t\t<a href=\"https:\/\/www.samhallssakerhet.se\/sv\/2026\/03\/12\/utan-ideella-krafter-stannar-sverige-sar-sweden-visar-vad-samhallsnytta-betyder-i-praktiken\/\" >\n\t\t\t\tUtan ideella krafter stannar Sverige \u2013 SAR Sweden visar vad samh\u00e4llsnytta betyder i praktiken\t\t\t<\/a>\n\t\t<\/h3>\n\t\t        <a href=\"https:\/\/www.samhallssakerhet.se\/sv\/2026\/03\/12\/utan-ideella-krafter-stannar-sverige-sar-sweden-visar-vad-samhallsnytta-betyder-i-praktiken\/\" class=\"elementor-post__excerpt\">\n            <p>Utan ideella krafter stannar Sverige SAR Sweden visar vad samh\u00e4llsnytta betyder i praktiken Inf\u00f6r M\u00f6tesplats Samh\u00e4llss\u00e4kerhet har vi tr\u00e4ffat Daniel Sandberg, grundare av SAR Sweden,<\/p>\n        <\/a>\n        \n\t\t<a class=\"elementor-post__read-more\" href=\"https:\/\/www.samhallssakerhet.se\/sv\/2026\/03\/12\/utan-ideella-krafter-stannar-sverige-sar-sweden-visar-vad-samhallsnytta-betyder-i-praktiken\/\" aria-label=\"Read more about Utan ideella krafter stannar Sverige \u2013 SAR Sweden visar vad samh\u00e4llsnytta betyder i praktiken\" tabindex=\"-1\" >\n\t\t\tL\u00e4s mer \u00bb\t\t<\/a>\n\n\t\t        <div class=\"elementor-post__meta-data\">\n            \t\t<span class=\"elementor-post-date\">\n\t\t\t12 mars, 2026\t\t<\/span>\n\t\t        <\/div>\n        \t\t<\/div>\n\t\t\t\t\t<\/div>\n\t\t<\/article>\n\t\t\t\t<article class=\"elementor-post elementor-grid-item post-51945 post type-post status-publish format-standard has-post-thumbnail hentry category-okategoriserad\" role=\"listitem\">\n\t\t\t<div class=\"elementor-post__card\">\n\t\t        <a class=\"elementor-post__thumbnail__link\" href=\"https:\/\/www.samhallssakerhet.se\/sv\/2026\/03\/11\/elementor-51945\/\">\n            <div class=\"elementor-post__thumbnail\"><img decoding=\"async\" width=\"485\" height=\"300\" src=\"https:\/\/easyfairsassets.com\/sites\/139\/2025\/10\/Blogg_Kultur-och-Kvalitet.png\" class=\"attachment-medium_large size-medium_large wp-image-51954\" alt=\"Kultur och Kvalitet\" srcset=\"https:\/\/easyfairsassets.com\/sites\/139\/2025\/10\/Blogg_Kultur-och-Kvalitet.png 485w, https:\/\/easyfairsassets.com\/sites\/139\/2025\/10\/Blogg_Kultur-och-Kvalitet-300x186.png 300w\" sizes=\"(max-width: 485px) 100vw, 485px\" \/><\/div>\n        <\/a>\n         <div data-type=\"post\" data-id=\"51945\" data-nonce=\"7557ecd13c\" class=\"elementor-post__badge btn_feedback easyfairs_like post notsaved left\" tabindex=\"51945\" ><i class=\"fa fa-star-o\" aria-hidden=\"true\"><\/i><\/div>\t\t<div class=\"elementor-post__text\">\n\t\t\t\t<h3 class=\"elementor-post__title\">\n\t\t\t<a href=\"https:\/\/www.samhallssakerhet.se\/sv\/2026\/03\/11\/elementor-51945\/\" >\n\t\t\t\tM\u00f6t Kultur och Kvalitet p\u00e5 M\u00f6tesplats Samh\u00e4llss\u00e4kerhet 2026\t\t\t<\/a>\n\t\t<\/h3>\n\t\t        <a href=\"https:\/\/www.samhallssakerhet.se\/sv\/2026\/03\/11\/elementor-51945\/\" class=\"elementor-post__excerpt\">\n            <p>Intervju med Johanna Bergsten Kultur och Kvalitet &#8211; workshops med AVTRYCK Hur skapar vi ett tryggt samh\u00e4lle d\u00e4r alla verkligen f\u00e5r plats \u2013 ocks\u00e5 personer<\/p>\n        <\/a>\n        \n\t\t<a class=\"elementor-post__read-more\" href=\"https:\/\/www.samhallssakerhet.se\/sv\/2026\/03\/11\/elementor-51945\/\" aria-label=\"Read more about M\u00f6t Kultur och Kvalitet p\u00e5 M\u00f6tesplats Samh\u00e4llss\u00e4kerhet 2026\" tabindex=\"-1\" >\n\t\t\tL\u00e4s mer \u00bb\t\t<\/a>\n\n\t\t        <div class=\"elementor-post__meta-data\">\n            \t\t<span class=\"elementor-post-date\">\n\t\t\t11 mars, 2026\t\t<\/span>\n\t\t        <\/div>\n        \t\t<\/div>\n\t\t\t\t\t<\/div>\n\t\t<\/article>\n\t\t\t\t<\/div>\n\t\t\n\t\t\t\t\t\t<\/div>\n\t\t\t\t<\/div>\n\t\t\t\t\t<\/div>\n\t\t<\/div>\n\t\t\t\t\t<\/div>\n\t\t<\/section>\n\t\t\t\t<section class=\"elementor-section elementor-top-section elementor-element elementor-element-6f306f8 elementor-section-boxed elementor-section-height-default elementor-section-height-default\" data-id=\"6f306f8\" data-element_type=\"section\" data-settings=\"{&quot;background_background&quot;:&quot;gradient&quot;}\">\n\t\t\t\t\t\t<div class=\"elementor-container elementor-column-gap-default\">\n\t\t\t\t\t<div class=\"elementor-column elementor-col-50 elementor-top-column elementor-element elementor-element-dbd0089\" data-id=\"dbd0089\" data-element_type=\"column\">\n\t\t\t<div class=\"elementor-widget-wrap elementor-element-populated\">\n\t\t\t\t\t\t<div class=\"elementor-element elementor-element-d4339ac elementor-widget elementor-widget-image\" data-id=\"d4339ac\" data-element_type=\"widget\" data-widget_type=\"image.default\">\n\t\t\t\t<div class=\"elementor-widget-container\">\n\t\t\t\t\t\t\t\t\t\t\t\t\t\t\t<img decoding=\"async\" width=\"800\" height=\"676\" src=\"https:\/\/easyfairsassets.com\/sites\/139\/2024\/09\/Iphone-mockup_samsak-1-1024x865.png\" class=\"attachment-large size-large wp-image-39144\" alt=\"Mobiltelefon med M\u00f6tesplats Samh\u00e4llss\u00e4kerhets logotyp\" srcset=\"https:\/\/easyfairsassets.com\/sites\/139\/2024\/09\/Iphone-mockup_samsak-1-1024x865.png 1024w, https:\/\/easyfairsassets.com\/sites\/139\/2024\/09\/Iphone-mockup_samsak-1-300x253.png 300w, https:\/\/easyfairsassets.com\/sites\/139\/2024\/09\/Iphone-mockup_samsak-1-768x649.png 768w, https:\/\/easyfairsassets.com\/sites\/139\/2024\/09\/Iphone-mockup_samsak-1-1536x1298.png 1536w, https:\/\/easyfairsassets.com\/sites\/139\/2024\/09\/Iphone-mockup_samsak-1.png 1920w\" sizes=\"(max-width: 800px) 100vw, 800px\" \/>\t\t\t\t\t\t\t\t\t\t\t\t\t\t\t<\/div>\n\t\t\t\t<\/div>\n\t\t\t\t\t<\/div>\n\t\t<\/div>\n\t\t\t\t<div class=\"elementor-column elementor-col-50 elementor-top-column elementor-element elementor-element-64a700d\" data-id=\"64a700d\" data-element_type=\"column\">\n\t\t\t<div class=\"elementor-widget-wrap elementor-element-populated\">\n\t\t\t\t\t\t<div class=\"elementor-element elementor-element-7ecf419 elementor-widget elementor-widget-heading\" data-id=\"7ecf419\" data-element_type=\"widget\" data-widget_type=\"heading.default\">\n\t\t\t\t<div class=\"elementor-widget-container\">\n\t\t\t\t\t<h2 class=\"elementor-heading-title elementor-size-default\">L\u00e5t oss h\u00e5lla kontakten!<\/h2>\t\t\t\t<\/div>\n\t\t\t\t<\/div>\n\t\t\t\t<div class=\"elementor-element elementor-element-4af52aa elementor-widget elementor-widget-heading\" data-id=\"4af52aa\" data-element_type=\"widget\" data-widget_type=\"heading.default\">\n\t\t\t\t<div class=\"elementor-widget-container\">\n\t\t\t\t\t<h5 class=\"elementor-heading-title elementor-size-default\">Anm\u00e4l dig till v\u00e5rt nyhetsbrev och f\u00e5 den senaste informationen om m\u00f6tesplatsen. <\/h5>\t\t\t\t<\/div>\n\t\t\t\t<\/div>\n\t\t\t\t<div class=\"elementor-element elementor-element-ca0ebdf elementor-button-align-start elementor-widget elementor-widget-form\" data-id=\"ca0ebdf\" data-element_type=\"widget\" data-settings=\"{&quot;step_next_label&quot;:&quot;Next&quot;,&quot;step_previous_label&quot;:&quot;Previous&quot;,&quot;button_width&quot;:&quot;100&quot;,&quot;step_type&quot;:&quot;number_text&quot;,&quot;step_icon_shape&quot;:&quot;circle&quot;}\" data-widget_type=\"form.default\">\n\t\t\t\t<div class=\"elementor-widget-container\">\n\t\t\t\t\t\t\t<form class=\"elementor-form\" method=\"post\" id=\"newsletter\" name=\"New Form\" aria-label=\"New Form\">\n\t\t\t<input type=\"hidden\" name=\"post_id\" value=\"40330\"\/>\n\t\t\t<input type=\"hidden\" name=\"form_id\" value=\"ca0ebdf\"\/>\n\t\t\t<input type=\"hidden\" name=\"referer_title\" value=\"\" \/>\n\n\t\t\t\n\t\t\t<div class=\"elementor-form-fields-wrapper elementor-labels-\">\n\t\t\t\t\t\t\t\t<div class=\"elementor-field-type-email elementor-field-group elementor-column elementor-field-group-Email elementor-col-100 elementor-field-required\">\n\t\t\t\t\t\t\t\t\t\t\t\t<label for=\"form-field-Email\" class=\"elementor-field-label elementor-screen-only\">\n\t\t\t\t\t\t\t\tE-post\t\t\t\t\t\t\t<\/label>\n\t\t\t\t\t\t\t\t\t\t\t\t\t\t<input size=\"1\" type=\"email\" name=\"form_fields[Email]\" id=\"form-field-Email\" class=\"elementor-field elementor-size-md  elementor-field-textual\" placeholder=\"E-post\" required=\"required\">\n\t\t\t\t\t\t\t\t\t\t\t<\/div>\n\t\t\t\t\t\t\t\t<div class=\"elementor-field-type-hidden elementor-field-group elementor-column elementor-field-group-Optin elementor-col-100\">\n\t\t\t\t\t\t\t\t\t\t\t\t\t<input size=\"1\" type=\"hidden\" name=\"form_fields[Optin]\" id=\"form-field-Optin\" class=\"elementor-field elementor-size-md  elementor-field-textual\" value=\"True\">\n\t\t\t\t\t\t\t\t\t\t\t<\/div>\n\t\t\t\t\t\t\t\t<div class=\"elementor-field-type-checkbox elementor-field-group elementor-column elementor-field-group-field_8e1c204 elementor-col-100\">\n\t\t\t\t\t<div class=\"elementor-field-subgroup  \"><span class=\"elementor-field-option\"><input type=\"checkbox\" value=\"Jag godk\u00e4nner att Easyfairs AB anv\u00e4nder min E-mail i marknadsf\u00f6ringssyfte.\" id=\"form-field-field_8e1c204-0\" name=\"form_fields[field_8e1c204]\"> <label for=\"form-field-field_8e1c204-0\">Jag godk\u00e4nner att Easyfairs AB anv\u00e4nder min E-mail i marknadsf\u00f6ringssyfte.<\/label><\/span><\/div>\t\t\t\t<\/div>\n\t\t\t\t\t\t\t\t<div class=\"elementor-field-type-recaptcha_v3 elementor-field-group elementor-column elementor-field-group-field_297d64f elementor-col-100 recaptcha_v3-bottomright\">\n\t\t\t\t\t<div class=\"elementor-field\" id=\"form-field-field_297d64f\"><div class=\"elementor-g-recaptcha\" data-sitekey=\"6Lfgx1MiAAAAACQrclYShfaAaJJaX_Jl9Zv6W8pJ\" data-type=\"v3\" data-action=\"Form\" data-badge=\"bottomright\" data-size=\"invisible\"><\/div><\/div>\t\t\t\t<\/div>\n\t\t\t\t\t\t\t\t<div class=\"elementor-field-group elementor-column elementor-field-type-submit elementor-col-100 e-form__buttons\">\n\t\t\t\t\t<button class=\"elementor-button elementor-size-md elementor-animation-grow\" type=\"submit\">\n\t\t\t\t\t\t<span class=\"elementor-button-content-wrapper\">\n\t\t\t\t\t\t\t\t\t\t\t\t\t\t\t\t\t\t\t\t\t\t<span class=\"elementor-button-text\">Nyhetsbrev, Ja tack!<\/span>\n\t\t\t\t\t\t\t\t\t\t\t\t\t<\/span>\n\t\t\t\t\t<\/button>\n\t\t\t\t<\/div>\n\t\t\t<\/div>\n\t\t<\/form>\n\t\t\t\t\t\t<\/div>\n\t\t\t\t<\/div>\n\t\t\t\t\t<\/div>\n\t\t<\/div>\n\t\t\t\t\t<\/div>\n\t\t<\/section>\n\t\t\t\t<\/div>\n\t\t","protected":false},"excerpt":{"rendered":"<p>Katarina, som \u00e4r kommunikationsr\u00e5dgivare och s\u00e4kerhetsexpert, har gedigen erfarenhet inom krisberedskap och s\u00e4kerhetspolitisk analys och kommer att leda samtal om \u00e5rets tema: \u201cSamh\u00e4llets Motst\u00e5ndskraft \u2013 Samverkan f\u00f6r en S\u00e4ker Framtid.\u201d<\/p>\n","protected":false},"author":1062,"featured_media":40337,"comment_status":"closed","ping_status":"open","sticky":false,"template":"elementor_header_footer","format":"standard","meta":{"_seopress_robots_primary_cat":"none","_seopress_titles_title":"Katarina Tracz \u2013 Moderator p\u00e5 M\u00f6tesplats Samh\u00e4llss\u00e4kerhet 2025","_seopress_titles_desc":"Med en bakgrund inom b\u00e5de offentlig och privat sektor har Katarina l\u00e5ng erfarenhet av att arbeta f\u00f6r att st\u00e4rka Sveriges beredskap och samverkan.","_seopress_robots_index":"","footnotes":""},"categories":[1],"tags":[],"edition":[],"class_list":["post-40330","post","type-post","status-publish","format-standard","has-post-thumbnail","hentry","category-okategoriserad"],"_links":{"self":[{"href":"https:\/\/www.samhallssakerhet.se\/sv\/wp-json\/wp\/v2\/posts\/40330","targetHints":{"allow":["GET"]}}],"collection":[{"href":"https:\/\/www.samhallssakerhet.se\/sv\/wp-json\/wp\/v2\/posts"}],"about":[{"href":"https:\/\/www.samhallssakerhet.se\/sv\/wp-json\/wp\/v2\/types\/post"}],"author":[{"embeddable":true,"href":"https:\/\/www.samhallssakerhet.se\/sv\/wp-json\/wp\/v2\/users\/1062"}],"replies":[{"embeddable":true,"href":"https:\/\/www.samhallssakerhet.se\/sv\/wp-json\/wp\/v2\/comments?post=40330"}],"version-history":[{"count":5,"href":"https:\/\/www.samhallssakerhet.se\/sv\/wp-json\/wp\/v2\/posts\/40330\/revisions"}],"predecessor-version":[{"id":48963,"href":"https:\/\/www.samhallssakerhet.se\/sv\/wp-json\/wp\/v2\/posts\/40330\/revisions\/48963"}],"wp:featuredmedia":[{"embeddable":true,"href":"https:\/\/www.samhallssakerhet.se\/sv\/wp-json\/wp\/v2\/media\/40337"}],"wp:attachment":[{"href":"https:\/\/www.samhallssakerhet.se\/sv\/wp-json\/wp\/v2\/media?parent=40330"}],"wp:term":[{"taxonomy":"category","embeddable":true,"href":"https:\/\/www.samhallssakerhet.se\/sv\/wp-json\/wp\/v2\/categories?post=40330"},{"taxonomy":"post_tag","embeddable":true,"href":"https:\/\/www.samhallssakerhet.se\/sv\/wp-json\/wp\/v2\/tags?post=40330"},{"taxonomy":"edition","embeddable":true,"href":"https:\/\/www.samhallssakerhet.se\/sv\/wp-json\/wp\/v2\/edition?post=40330"}],"curies":[{"name":"wp","href":"https:\/\/api.w.org\/{rel}","templated":true}]}}