{"id":3932,"date":"2019-10-14T08:41:02","date_gmt":"2019-10-14T08:41:02","guid":{"rendered":"https:\/\/www.samhallssakerhet.se\/?p=3932"},"modified":"2022-01-11T15:00:27","modified_gmt":"2022-01-11T14:00:27","slug":"digitalisering-ar-bade-livsviktigt-och-livsfarligt","status":"publish","type":"post","link":"https:\/\/www.samhallssakerhet.se\/sv\/2019\/10\/14\/digitalisering-ar-bade-livsviktigt-och-livsfarligt\/","title":{"rendered":"Digitalisering \u00e4r b\u00e5de livsviktigt och livsfarligt"},"content":{"rendered":"\t\t<div data-elementor-type=\"wp-post\" data-elementor-id=\"3932\" class=\"elementor elementor-3932\" data-elementor-post-type=\"post\">\n\t\t\t\t\t\t<section class=\"elementor-section elementor-top-section elementor-element elementor-element-37b964d elementor-section-boxed elementor-section-height-default elementor-section-height-default\" data-id=\"37b964d\" data-element_type=\"section\">\n\t\t\t\t\t\t<div class=\"elementor-container elementor-column-gap-default\">\n\t\t\t\t\t<div class=\"elementor-column elementor-col-100 elementor-top-column elementor-element elementor-element-f210011\" data-id=\"f210011\" data-element_type=\"column\">\n\t\t\t<div class=\"elementor-widget-wrap elementor-element-populated\">\n\t\t\t\t\t\t<div class=\"elementor-element elementor-element-925d0ea elementor-widget elementor-widget-text-editor\" data-id=\"925d0ea\" data-element_type=\"widget\" data-widget_type=\"text-editor.default\">\n\t\t\t\t<div class=\"elementor-widget-container\">\n\t\t\t\t\t\t\t\t\t<p>Av <a href=\"https:\/\/www.samhallssakerhet.se\/sv\/guest\/mattias-wallen\/\">Mattias Wall\u00e9n<\/a><\/p><p>Svenska myndigheter och f\u00f6retag \u00e4r bland de mest digitaliserade i v\u00e4rlden och detta bidrar till en \u00f6kad effektivitet i produktion av tj\u00e4nster och varor.<\/p><p>I FN:s index f\u00f6r digitalisering ligger Sverige p\u00e5 en 5:e plats globalt. Sveriges framskjutna position vad g\u00e4ller digitalisering bygger p\u00e5 att vi har m\u00e5nga digitala tj\u00e4nster byggda med en god it-kompetens p\u00e5 en v\u00e4l utbyggd it-infrastruktur.<\/p><p>Sveriges placering i globala index f\u00f6r cybers\u00e4kerhet \u00e4r d\u00e4remot skr\u00e4mmande l\u00e5g. I Internationella Teleunionens <a href=\"https:\/\/www.itu.int\/en\/ITU-D\/Cybersecurity\/Pages\/global-cybersecurity-index.aspx\"><em>Global Cybersecurity Index<\/em><\/a> (GCI) och Estniska E-myndighetens <a href=\"https:\/\/ncsi.ega.ee\/\"><em>National Cyber Security Index<\/em><\/a> (NCSI) s\u00e5 rankas Sverige cybers\u00e4kerhet p\u00e5 32: a respektive 38:e plats globalt. Detta inneb\u00e4r att vi \u00e4r ett av de mest digitaliserade l\u00e4nderna samtidigt som vi \u00e4r betydligt mer s\u00e5rbara \u00e4n j\u00e4mf\u00f6rbara europeiska l\u00e4nder.<\/p><p>De senaste \u00e5rens olika incidenter, exempelvis fr\u00e5n Transportstyrelsen och V\u00e5rdguiden 1177, visar tyv\u00e4rr p\u00e5 en bristande kompetens vad avser kravst\u00e4llning, uppf\u00f6ljning och bedrivande av cybers\u00e4kerheten b\u00e5de hos myndigheter och privata akt\u00f6rer.\u00a0<\/p><p>Samtidigt \u00f6kar angriparnas antal och kompetens i snabb takt vilket kan ses i statistik fr\u00e5n Brottf\u00f6rebyggande r\u00e5det. Antalet datorbedr\u00e4gerier har \u00f6kat fr\u00e5n 18 173 anm\u00e4lningar \u00e5r 2008 till 135\u00a0446 anm\u00e4lningar \u00e5r 2018, numera st\u00e5r enbart datorbedr\u00e4gerierna f\u00f6r drygt 50 % av alla anm\u00e4lda bedr\u00e4geribrott. Samtidigt har det totala antalet lagf\u00f6rda f\u00f6r bedr\u00e4gerier minskat fr\u00e5n 1\u00a0463 stycken \u00e5r 2008 till endast 578 \u00e5r 2018. Det \u00e4r anm\u00e4rkningsv\u00e4rt att f\u00f6rekomsten av en typ brott kan \u00f6ka med 640 % samtidigt som m\u00e4ngden lagf\u00f6rda f\u00f6r detta minskar med 40 %.<\/p><p>Antalet anm\u00e4lda dataintr\u00e5ng \u00e4r p\u00e5 en f\u00f6rv\u00e5nansv\u00e4rt l\u00e5g niv\u00e5 med enbart 58 stycken anm\u00e4lda 2018.\u00a0 Samtidigt som en <a href=\"https:\/\/www.di.se\/pressreleaser\/2017\/5\/3\/sentor-mss-ab-pressmeddelande-fyra-procent-av-svenskarna-har-drabbats-av-ransomware\/\">rapport<\/a> fr\u00e5n Sentor 2017 visade att 4 % av svenskarna drabbades av ransomware som krypterade deras filer och beg\u00e4rde en l\u00f6sensumma. F\u00e5 anm\u00e4ler sannolikt dessa brott.<\/p><p>Tyv\u00e4rr v\u00e4ljer nog m\u00e5nga f\u00f6retag och myndigheter att inte polisanm\u00e4la datorbedr\u00e4gerier eller dataintr\u00e5ng d\u00e5 de flesta fall l\u00e4ggs ned i brist p\u00e5 bevis. Globalt oms\u00e4tter idag cyberkriminaliteten mer \u00e4n droghandeln och den \u00e4r b\u00e5de l\u00f6nsammare och riskfriare f\u00f6r de kriminella. Organiserade cyberkriminella grupper kan oms\u00e4tta 150 miljoner dollar per \u00e5r i tiotals \u00e5r och \u00e4ven <a href=\"https:\/\/www.zdnet.com\/article\/gandcrab-ransomware-operation-says-its-shutting-down\/\">skryta<\/a> med att de ska g\u00e5 i pension.<\/p><p>Fram\u00f6ver v\u00e4ntar en n\u00e4rmast perfekt storm d\u00e4r m\u00e4ngden cyberkriminella och deras kompetens \u00f6kar, samtidigt som myndigheter, f\u00f6retag och samh\u00e4llsviktiga tj\u00e4nster blir mer s\u00e5rbara d\u00e5 vi forts\u00e4tter att blint digitalisera v\u00e5r industri och infrastruktur utan en tanke p\u00e5 s\u00e4kerhet. V\u00e5ra system blir alltmer komplexa, sammankopplade och s\u00e5rbara.<\/p><p>F\u00f6r att klara av digitaliseringen m\u00e5ste vi s\u00e4tta s\u00e4kerheten i fr\u00e4msta rummet. Myndighets- och f\u00f6retagsledningar m\u00e5ste anv\u00e4nda en riskbaserad metod f\u00f6r att st\u00e4lla r\u00e4tt krav p\u00e5 cybers\u00e4kerhet, f\u00f6lja upp niv\u00e5n p\u00e5 denna och s\u00e4kerst\u00e4lla att tillr\u00e4ckliga medel tillf\u00f6rs. Det \u00e4r utmanande att g\u00f6ra detta i dagens accelererande teknikutveckling, men vi har inget val om vi ska kunna f\u00e5 ut vinsterna av digitaliseringen. Vi riskerar liv och h\u00e4lsa om samh\u00e4llets s\u00e5rbara och sammankopplade infrastruktur forts\u00e4tter drabbas.<\/p>\t\t\t\t\t\t\t\t<\/div>\n\t\t\t\t<\/div>\n\t\t\t\t\t<\/div>\n\t\t<\/div>\n\t\t\t\t\t<\/div>\n\t\t<\/section>\n\t\t\t\t<section class=\"elementor-section elementor-top-section elementor-element elementor-element-c8e1478 elementor-section-boxed elementor-section-height-default elementor-section-height-default\" data-id=\"c8e1478\" data-element_type=\"section\">\n\t\t\t\t\t\t<div class=\"elementor-container elementor-column-gap-default\">\n\t\t\t\t\t<div class=\"elementor-column elementor-col-50 elementor-top-column elementor-element elementor-element-a25a1ff\" data-id=\"a25a1ff\" data-element_type=\"column\">\n\t\t\t<div class=\"elementor-widget-wrap elementor-element-populated\">\n\t\t\t\t\t\t<div class=\"elementor-element elementor-element-3416e4a elementor-widget elementor-widget-image\" data-id=\"3416e4a\" data-element_type=\"widget\" data-widget_type=\"image.default\">\n\t\t\t\t<div class=\"elementor-widget-container\">\n\t\t\t\t\t\t\t\t\t\t\t\t\t\t\t<img fetchpriority=\"high\" decoding=\"async\" width=\"800\" height=\"589\" src=\"https:\/\/easyfairsassets.com\/sites\/139\/2019\/10\/Diagram-1.png\" class=\"attachment-large size-large wp-image-3943\" alt=\"\" srcset=\"https:\/\/easyfairsassets.com\/sites\/139\/2019\/10\/Diagram-1.png 862w, https:\/\/easyfairsassets.com\/sites\/139\/2019\/10\/Diagram-1-300x221.png 300w, https:\/\/easyfairsassets.com\/sites\/139\/2019\/10\/Diagram-1-768x566.png 768w\" sizes=\"(max-width: 800px) 100vw, 800px\" \/>\t\t\t\t\t\t\t\t\t\t\t\t\t\t\t<\/div>\n\t\t\t\t<\/div>\n\t\t\t\t\t<\/div>\n\t\t<\/div>\n\t\t\t\t<div class=\"elementor-column elementor-col-50 elementor-top-column elementor-element elementor-element-a850e98\" data-id=\"a850e98\" data-element_type=\"column\">\n\t\t\t<div class=\"elementor-widget-wrap elementor-element-populated\">\n\t\t\t\t\t\t<div class=\"elementor-element elementor-element-80c0fb7 elementor-widget elementor-widget-image\" data-id=\"80c0fb7\" data-element_type=\"widget\" data-widget_type=\"image.default\">\n\t\t\t\t<div class=\"elementor-widget-container\">\n\t\t\t\t\t\t\t\t\t\t\t\t\t\t\t<img decoding=\"async\" width=\"862\" height=\"635\" src=\"https:\/\/easyfairsassets.com\/sites\/139\/2019\/10\/Diagram-2-1.png\" class=\"attachment-full size-full wp-image-3947\" alt=\"\" srcset=\"https:\/\/easyfairsassets.com\/sites\/139\/2019\/10\/Diagram-2-1.png 862w, https:\/\/easyfairsassets.com\/sites\/139\/2019\/10\/Diagram-2-1-300x221.png 300w, https:\/\/easyfairsassets.com\/sites\/139\/2019\/10\/Diagram-2-1-768x566.png 768w\" sizes=\"(max-width: 862px) 100vw, 862px\" \/>\t\t\t\t\t\t\t\t\t\t\t\t\t\t\t<\/div>\n\t\t\t\t<\/div>\n\t\t\t\t\t<\/div>\n\t\t<\/div>\n\t\t\t\t\t<\/div>\n\t\t<\/section>\n\t\t\t\t<section class=\"elementor-section elementor-top-section elementor-element elementor-element-42fe8f0 elementor-section-boxed elementor-section-height-default elementor-section-height-default\" data-id=\"42fe8f0\" data-element_type=\"section\">\n\t\t\t\t\t\t<div class=\"elementor-container elementor-column-gap-default\">\n\t\t\t\t\t<div class=\"elementor-column elementor-col-100 elementor-top-column elementor-element elementor-element-e8f009b\" data-id=\"e8f009b\" data-element_type=\"column\">\n\t\t\t<div class=\"elementor-widget-wrap elementor-element-populated\">\n\t\t\t\t\t\t<div class=\"elementor-element elementor-element-ce93dec elementor-widget elementor-widget-text-editor\" data-id=\"ce93dec\" data-element_type=\"widget\" data-widget_type=\"text-editor.default\">\n\t\t\t\t<div class=\"elementor-widget-container\">\n\t\t\t\t\t\t\t\t\t<p>Skrivet av <a href=\"https:\/\/www.samhallssakerhet.se\/sv\/guest\/mattias-wallen\/\">Mattias Wall\u00e9n<\/a>, Head of Cybersecurity p\u00e5 Scandinavian Risk Solutions (<a href=\"https:\/\/srsgroup.se\/\">SRS<\/a>). Vill ni veta mer, v\u00e4nligen kontakta <a href=\"mailto:mail@srsgroup.se\">mail@srsgroup.se.\u00a0<\/a><\/p>\t\t\t\t\t\t\t\t<\/div>\n\t\t\t\t<\/div>\n\t\t\t\t<div class=\"elementor-element elementor-element-824ba2f elementor-widget elementor-widget-spacer\" data-id=\"824ba2f\" data-element_type=\"widget\" data-widget_type=\"spacer.default\">\n\t\t\t\t<div class=\"elementor-widget-container\">\n\t\t\t\t\t\t\t<div class=\"elementor-spacer\">\n\t\t\t<div class=\"elementor-spacer-inner\"><\/div>\n\t\t<\/div>\n\t\t\t\t\t\t<\/div>\n\t\t\t\t<\/div>\n\t\t\t\t\t<\/div>\n\t\t<\/div>\n\t\t\t\t\t<\/div>\n\t\t<\/section>\n\t\t\t\t<section class=\"elementor-section elementor-top-section elementor-element elementor-element-84ecded elementor-section-boxed elementor-section-height-default elementor-section-height-default\" data-id=\"84ecded\" data-element_type=\"section\">\n\t\t\t\t\t\t<div class=\"elementor-container elementor-column-gap-default\">\n\t\t\t\t\t<div class=\"elementor-column elementor-col-100 elementor-top-column elementor-element elementor-element-d1b2794\" data-id=\"d1b2794\" data-element_type=\"column\">\n\t\t\t<div class=\"elementor-widget-wrap elementor-element-populated\">\n\t\t\t\t\t\t<div class=\"elementor-element elementor-element-95c659a elementor-widget elementor-widget-heading\" data-id=\"95c659a\" data-element_type=\"widget\" data-widget_type=\"heading.default\">\n\t\t\t\t<div class=\"elementor-widget-container\">\n\t\t\t\t\t<h3 class=\"elementor-heading-title elementor-size-default\">Andra artiklar som kan intressera dig<\/h3>\t\t\t\t<\/div>\n\t\t\t\t<\/div>\n\t\t\t\t\t<\/div>\n\t\t<\/div>\n\t\t\t\t\t<\/div>\n\t\t<\/section>\n\t\t\t\t<section class=\"elementor-section elementor-top-section elementor-element elementor-element-fbd340f elementor-section-boxed elementor-section-height-default elementor-section-height-default\" data-id=\"fbd340f\" data-element_type=\"section\">\n\t\t\t\t\t\t<div class=\"elementor-container elementor-column-gap-default\">\n\t\t\t\t\t<div class=\"elementor-column elementor-col-100 elementor-top-column elementor-element elementor-element-95fc138\" data-id=\"95fc138\" data-element_type=\"column\">\n\t\t\t<div class=\"elementor-widget-wrap elementor-element-populated\">\n\t\t\t\t\t\t<div class=\"elementor-element elementor-element-b0b83fb elementor-grid-3 elementor-grid-tablet-2 elementor-grid-mobile-1 elementor-posts--thumbnail-top elementor-widget elementor-widget-posts\" data-id=\"b0b83fb\" data-element_type=\"widget\" data-settings=\"{&quot;classic_columns&quot;:&quot;3&quot;,&quot;classic_columns_tablet&quot;:&quot;2&quot;,&quot;classic_columns_mobile&quot;:&quot;1&quot;,&quot;classic_row_gap&quot;:{&quot;unit&quot;:&quot;px&quot;,&quot;size&quot;:35,&quot;sizes&quot;:[]},&quot;classic_row_gap_tablet&quot;:{&quot;unit&quot;:&quot;px&quot;,&quot;size&quot;:&quot;&quot;,&quot;sizes&quot;:[]},&quot;classic_row_gap_mobile&quot;:{&quot;unit&quot;:&quot;px&quot;,&quot;size&quot;:&quot;&quot;,&quot;sizes&quot;:[]}}\" data-widget_type=\"posts.classic\">\n\t\t\t\t<div class=\"elementor-widget-container\">\n\t\t\t\t\t\t\t<div class=\"elementor-posts-container elementor-posts elementor-posts--skin-classic elementor-grid\" role=\"list\">\n\t\t\t\t<article class=\"elementor-post elementor-grid-item post-51962 post type-post status-publish format-standard has-post-thumbnail hentry category-okategoriserad\" role=\"listitem\">\n\t\t\t\t<a class=\"elementor-post__thumbnail__link\" href=\"https:\/\/www.samhallssakerhet.se\/sv\/2026\/03\/12\/utan-ideella-krafter-stannar-sverige-sar-sweden-visar-vad-samhallsnytta-betyder-i-praktiken\/\" tabindex=\"-1\" >\n\t\t\t<div class=\"elementor-post__thumbnail\"><img decoding=\"async\" width=\"300\" height=\"186\" src=\"https:\/\/easyfairsassets.com\/sites\/139\/2026\/03\/Blogg_SAR-300x186.png\" class=\"attachment-medium size-medium wp-image-51983\" alt=\"SAR\" srcset=\"https:\/\/easyfairsassets.com\/sites\/139\/2026\/03\/Blogg_SAR-300x186.png 300w, https:\/\/easyfairsassets.com\/sites\/139\/2026\/03\/Blogg_SAR.png 485w\" sizes=\"(max-width: 300px) 100vw, 300px\" \/><\/div>\n\t\t<\/a>\n\t\t\t\t<div class=\"elementor-post__text\">\n\t\t\t\t<h3 class=\"elementor-post__title\">\n\t\t\t<a href=\"https:\/\/www.samhallssakerhet.se\/sv\/2026\/03\/12\/utan-ideella-krafter-stannar-sverige-sar-sweden-visar-vad-samhallsnytta-betyder-i-praktiken\/\" >\n\t\t\t\tUtan ideella krafter stannar Sverige \u2013 SAR Sweden visar vad samh\u00e4llsnytta betyder i praktiken\t\t\t<\/a>\n\t\t<\/h3>\n\t\t\t\t<div class=\"elementor-post__meta-data\">\n\t\t\t\t\t<span class=\"elementor-post-date\">\n\t\t\t12 mars, 2026\t\t<\/span>\n\t\t\t\t<span class=\"elementor-post-avatar\">\n\t\t\tInga kommentarer\t\t<\/span>\n\t\t\t\t<\/div>\n\t\t\t\t<div class=\"elementor-post__excerpt\">\n\t\t\t<p>Utan ideella krafter stannar Sverige SAR Sweden visar vad samh\u00e4llsnytta betyder i praktiken Inf\u00f6r M\u00f6tesplats Samh\u00e4llss\u00e4kerhet har vi tr\u00e4ffat Daniel Sandberg, grundare av SAR Sweden,<\/p>\n\t\t<\/div>\n\t\t\n\t\t<a class=\"elementor-post__read-more\" href=\"https:\/\/www.samhallssakerhet.se\/sv\/2026\/03\/12\/utan-ideella-krafter-stannar-sverige-sar-sweden-visar-vad-samhallsnytta-betyder-i-praktiken\/\" aria-label=\"Read more about Utan ideella krafter stannar Sverige \u2013 SAR Sweden visar vad samh\u00e4llsnytta betyder i praktiken\" tabindex=\"-1\" >\n\t\t\tL\u00e4s mer \u00bb\t\t<\/a>\n\n\t\t\t\t<\/div>\n\t\t\t\t<\/article>\n\t\t\t\t<article class=\"elementor-post elementor-grid-item post-51945 post type-post status-publish format-standard has-post-thumbnail hentry category-okategoriserad\" role=\"listitem\">\n\t\t\t\t<a class=\"elementor-post__thumbnail__link\" href=\"https:\/\/www.samhallssakerhet.se\/sv\/2026\/03\/11\/elementor-51945\/\" tabindex=\"-1\" >\n\t\t\t<div class=\"elementor-post__thumbnail\"><img loading=\"lazy\" decoding=\"async\" width=\"300\" height=\"186\" src=\"https:\/\/easyfairsassets.com\/sites\/139\/2025\/10\/Blogg_Kultur-och-Kvalitet-300x186.png\" class=\"attachment-medium size-medium wp-image-51954\" alt=\"Kultur och Kvalitet\" srcset=\"https:\/\/easyfairsassets.com\/sites\/139\/2025\/10\/Blogg_Kultur-och-Kvalitet-300x186.png 300w, https:\/\/easyfairsassets.com\/sites\/139\/2025\/10\/Blogg_Kultur-och-Kvalitet.png 485w\" sizes=\"(max-width: 300px) 100vw, 300px\" \/><\/div>\n\t\t<\/a>\n\t\t\t\t<div class=\"elementor-post__text\">\n\t\t\t\t<h3 class=\"elementor-post__title\">\n\t\t\t<a href=\"https:\/\/www.samhallssakerhet.se\/sv\/2026\/03\/11\/elementor-51945\/\" >\n\t\t\t\tM\u00f6t Kultur och Kvalitet p\u00e5 M\u00f6tesplats Samh\u00e4llss\u00e4kerhet 2026\t\t\t<\/a>\n\t\t<\/h3>\n\t\t\t\t<div class=\"elementor-post__meta-data\">\n\t\t\t\t\t<span class=\"elementor-post-date\">\n\t\t\t11 mars, 2026\t\t<\/span>\n\t\t\t\t<span class=\"elementor-post-avatar\">\n\t\t\tInga kommentarer\t\t<\/span>\n\t\t\t\t<\/div>\n\t\t\t\t<div class=\"elementor-post__excerpt\">\n\t\t\t<p>Intervju med Johanna Bergsten Kultur och Kvalitet &#8211; workshops med AVTRYCK Hur skapar vi ett tryggt samh\u00e4lle d\u00e4r alla verkligen f\u00e5r plats \u2013 ocks\u00e5 personer<\/p>\n\t\t<\/div>\n\t\t\n\t\t<a class=\"elementor-post__read-more\" href=\"https:\/\/www.samhallssakerhet.se\/sv\/2026\/03\/11\/elementor-51945\/\" aria-label=\"Read more about M\u00f6t Kultur och Kvalitet p\u00e5 M\u00f6tesplats Samh\u00e4llss\u00e4kerhet 2026\" tabindex=\"-1\" >\n\t\t\tL\u00e4s mer \u00bb\t\t<\/a>\n\n\t\t\t\t<\/div>\n\t\t\t\t<\/article>\n\t\t\t\t<article class=\"elementor-post elementor-grid-item post-51891 post type-post status-publish format-standard has-post-thumbnail hentry category-okategoriserad\" role=\"listitem\">\n\t\t\t\t<a class=\"elementor-post__thumbnail__link\" href=\"https:\/\/www.samhallssakerhet.se\/sv\/2026\/03\/05\/krisledningspodden-blir-officiell-mediepartner-till-motesplats-samhallssakerhet-2026\/\" tabindex=\"-1\" >\n\t\t\t<div class=\"elementor-post__thumbnail\"><img loading=\"lazy\" decoding=\"async\" width=\"300\" height=\"186\" src=\"https:\/\/easyfairsassets.com\/sites\/139\/2026\/03\/Blogg_Krisledningspodden-300x186.png\" class=\"attachment-medium size-medium wp-image-51909\" alt=\"Krisledningspodden\" srcset=\"https:\/\/easyfairsassets.com\/sites\/139\/2026\/03\/Blogg_Krisledningspodden-300x186.png 300w, https:\/\/easyfairsassets.com\/sites\/139\/2026\/03\/Blogg_Krisledningspodden.png 485w\" sizes=\"(max-width: 300px) 100vw, 300px\" \/><\/div>\n\t\t<\/a>\n\t\t\t\t<div class=\"elementor-post__text\">\n\t\t\t\t<h3 class=\"elementor-post__title\">\n\t\t\t<a href=\"https:\/\/www.samhallssakerhet.se\/sv\/2026\/03\/05\/krisledningspodden-blir-officiell-mediepartner-till-motesplats-samhallssakerhet-2026\/\" >\n\t\t\t\tKrisledningspodden blir officiell mediepartner till M\u00f6tesplats Samh\u00e4llss\u00e4kerhet 2026\t\t\t<\/a>\n\t\t<\/h3>\n\t\t\t\t<div class=\"elementor-post__meta-data\">\n\t\t\t\t\t<span class=\"elementor-post-date\">\n\t\t\t5 mars, 2026\t\t<\/span>\n\t\t\t\t<span class=\"elementor-post-avatar\">\n\t\t\tInga kommentarer\t\t<\/span>\n\t\t\t\t<\/div>\n\t\t\t\t<div class=\"elementor-post__excerpt\">\n\t\t\t<p>Murphy Solution &amp; Krisledningspodden &#8211; officiell mediepartner 2026 Vi \u00e4r glada att v\u00e4lkomna Krisledningspodden som officiell mediepartner till M\u00f6tesplats Samh\u00e4llss\u00e4kerhet 2026. Syftet med samarbetet \u00e4r<\/p>\n\t\t<\/div>\n\t\t\n\t\t<a class=\"elementor-post__read-more\" href=\"https:\/\/www.samhallssakerhet.se\/sv\/2026\/03\/05\/krisledningspodden-blir-officiell-mediepartner-till-motesplats-samhallssakerhet-2026\/\" aria-label=\"Read more about Krisledningspodden blir officiell mediepartner till M\u00f6tesplats Samh\u00e4llss\u00e4kerhet 2026\" tabindex=\"-1\" >\n\t\t\tL\u00e4s mer \u00bb\t\t<\/a>\n\n\t\t\t\t<\/div>\n\t\t\t\t<\/article>\n\t\t\t\t<\/div>\n\t\t\n\t\t\t\t\t\t<\/div>\n\t\t\t\t<\/div>\n\t\t\t\t\t<\/div>\n\t\t<\/div>\n\t\t\t\t\t<\/div>\n\t\t<\/section>\n\t\t\t\t<\/div>\n\t\t","protected":false},"excerpt":{"rendered":"<p>Av Mattias Wall\u00e9n Svenska myndigheter och f\u00f6retag \u00e4r bland de mest digitaliserade i v\u00e4rlden och detta bidrar till en \u00f6kad effektivitet i produktion av tj\u00e4nster och varor. I FN:s index f\u00f6r digitalisering ligger Sverige p\u00e5 en 5:e plats globalt. Sveriges framskjutna position vad g\u00e4ller digitalisering bygger p\u00e5 att vi har m\u00e5nga digitala tj\u00e4nster byggda med [&hellip;]<\/p>\n","protected":false},"author":19,"featured_media":5837,"comment_status":"closed","ping_status":"open","sticky":false,"template":"elementor_header_footer","format":"standard","meta":{"_seopress_robots_primary_cat":"none","_seopress_titles_title":"Digitalisering \u00e4r b\u00e5de livsviktigt och livsfarligt","_seopress_titles_desc":"Svenska myndigheter och f\u00f6retag \u00e4r bland de mest digitaliserade i v\u00e4rlden och detta bidrar till en \u00f6kad effektivitet i produktion av tj\u00e4nster och varor. I FN:s index f\u00f6r digitalisering ligger Sverige p\u00e5 en 5:e plats globalt. Sveriges framskjutna position vad g\u00e4ller digitalisering bygger p\u00e5 att vi har m\u00e5nga digitala tj\u00e4nster byggda med en god it-kompetens p\u00e5 en v\u00e4l utbyggd it-infrastruktur.","_seopress_robots_index":"","footnotes":""},"categories":[1],"tags":[],"edition":[],"class_list":["post-3932","post","type-post","status-publish","format-standard","has-post-thumbnail","hentry","category-okategoriserad"],"_links":{"self":[{"href":"https:\/\/www.samhallssakerhet.se\/sv\/wp-json\/wp\/v2\/posts\/3932","targetHints":{"allow":["GET"]}}],"collection":[{"href":"https:\/\/www.samhallssakerhet.se\/sv\/wp-json\/wp\/v2\/posts"}],"about":[{"href":"https:\/\/www.samhallssakerhet.se\/sv\/wp-json\/wp\/v2\/types\/post"}],"author":[{"embeddable":true,"href":"https:\/\/www.samhallssakerhet.se\/sv\/wp-json\/wp\/v2\/users\/19"}],"replies":[{"embeddable":true,"href":"https:\/\/www.samhallssakerhet.se\/sv\/wp-json\/wp\/v2\/comments?post=3932"}],"version-history":[{"count":0,"href":"https:\/\/www.samhallssakerhet.se\/sv\/wp-json\/wp\/v2\/posts\/3932\/revisions"}],"wp:featuredmedia":[{"embeddable":true,"href":"https:\/\/www.samhallssakerhet.se\/sv\/wp-json\/wp\/v2\/media\/5837"}],"wp:attachment":[{"href":"https:\/\/www.samhallssakerhet.se\/sv\/wp-json\/wp\/v2\/media?parent=3932"}],"wp:term":[{"taxonomy":"category","embeddable":true,"href":"https:\/\/www.samhallssakerhet.se\/sv\/wp-json\/wp\/v2\/categories?post=3932"},{"taxonomy":"post_tag","embeddable":true,"href":"https:\/\/www.samhallssakerhet.se\/sv\/wp-json\/wp\/v2\/tags?post=3932"},{"taxonomy":"edition","embeddable":true,"href":"https:\/\/www.samhallssakerhet.se\/sv\/wp-json\/wp\/v2\/edition?post=3932"}],"curies":[{"name":"wp","href":"https:\/\/api.w.org\/{rel}","templated":true}]}}