{"id":31992,"date":"2024-02-27T09:38:18","date_gmt":"2024-02-27T08:38:18","guid":{"rendered":"https:\/\/www.samhallssakerhet.se\/?p=31992"},"modified":"2024-10-23T09:00:55","modified_gmt":"2024-10-23T07:00:55","slug":"stark-ditt-psykologiska-forsvar-i-anslutning-till-motesplats-samhallssakerhet","status":"publish","type":"post","link":"https:\/\/www.samhallssakerhet.se\/sv\/2024\/02\/27\/stark-ditt-psykologiska-forsvar-i-anslutning-till-motesplats-samhallssakerhet\/","title":{"rendered":"St\u00e4rk ditt Psykologiska F\u00f6rsvar i anslutning till M\u00f6tesplats Samh\u00e4llss\u00e4kerhet"},"content":{"rendered":"\t\t<div data-elementor-type=\"wp-post\" data-elementor-id=\"31992\" class=\"elementor elementor-31992\" data-elementor-post-type=\"post\">\n\t\t\t\t\t\t<section class=\"elementor-section elementor-top-section elementor-element elementor-element-1bee8e61 elementor-section-boxed elementor-section-height-default elementor-section-height-default\" data-id=\"1bee8e61\" data-element_type=\"section\">\n\t\t\t\t\t\t<div class=\"elementor-container elementor-column-gap-default\">\n\t\t\t\t\t<div class=\"elementor-column elementor-col-100 elementor-top-column elementor-element elementor-element-3c204e93\" data-id=\"3c204e93\" data-element_type=\"column\">\n\t\t\t<div class=\"elementor-widget-wrap\">\n\t\t\t\t\t\t\t<\/div>\n\t\t<\/div>\n\t\t\t\t\t<\/div>\n\t\t<\/section>\n\t\t\t\t<section class=\"elementor-section elementor-top-section elementor-element elementor-element-7fde6b8d elementor-section-boxed elementor-section-height-default elementor-section-height-default\" data-id=\"7fde6b8d\" data-element_type=\"section\" data-settings=\"{&quot;background_background&quot;:&quot;classic&quot;}\">\n\t\t\t\t\t\t<div class=\"elementor-container elementor-column-gap-default\">\n\t\t\t\t\t<div class=\"elementor-column elementor-col-50 elementor-top-column elementor-element elementor-element-53cc9930\" data-id=\"53cc9930\" data-element_type=\"column\" data-settings=\"{&quot;background_background&quot;:&quot;classic&quot;}\">\n\t\t\t<div class=\"elementor-widget-wrap elementor-element-populated\">\n\t\t\t\t\t\t<div class=\"elementor-element elementor-element-78efdbc5 elementor-widget elementor-widget-theme-post-featured-image elementor-widget-image\" data-id=\"78efdbc5\" data-element_type=\"widget\" data-widget_type=\"theme-post-featured-image.default\">\n\t\t\t\t<div class=\"elementor-widget-container\">\n\t\t\t\t\t\t\t\t\t\t\t\t\t\t\t<img fetchpriority=\"high\" decoding=\"async\" width=\"800\" height=\"534\" src=\"https:\/\/easyfairsassets.com\/sites\/139\/2024\/02\/Bild-av-Markus-Spiske-1024x683.jpg\" class=\"attachment-large size-large wp-image-31985\" alt=\"\" srcset=\"https:\/\/easyfairsassets.com\/sites\/139\/2024\/02\/Bild-av-Markus-Spiske-1024x683.jpg 1024w, https:\/\/easyfairsassets.com\/sites\/139\/2024\/02\/Bild-av-Markus-Spiske-300x200.jpg 300w, https:\/\/easyfairsassets.com\/sites\/139\/2024\/02\/Bild-av-Markus-Spiske-768x512.jpg 768w, https:\/\/easyfairsassets.com\/sites\/139\/2024\/02\/Bild-av-Markus-Spiske-1536x1024.jpg 1536w, https:\/\/easyfairsassets.com\/sites\/139\/2024\/02\/Bild-av-Markus-Spiske.jpg 1920w\" sizes=\"(max-width: 800px) 100vw, 800px\" \/>\t\t\t\t\t\t\t\t\t\t\t\t\t\t\t<\/div>\n\t\t\t\t<\/div>\n\t\t\t\t<div class=\"elementor-element elementor-element-c07c47e elementor-widget elementor-widget-theme-post-title elementor-page-title elementor-widget-heading\" data-id=\"c07c47e\" data-element_type=\"widget\" data-widget_type=\"theme-post-title.default\">\n\t\t\t\t<div class=\"elementor-widget-container\">\n\t\t\t\t\t<h1 class=\"elementor-heading-title elementor-size-default\">St\u00e4rk ditt Psykologiska F\u00f6rsvar i anslutning till M\u00f6tesplats Samh\u00e4llss\u00e4kerhet<\/h1>\t\t\t\t<\/div>\n\t\t\t\t<\/div>\n\t\t\t\t<section class=\"elementor-section elementor-inner-section elementor-element elementor-element-673e3ef elementor-section-boxed elementor-section-height-default elementor-section-height-default\" data-id=\"673e3ef\" data-element_type=\"section\">\n\t\t\t\t\t\t<div class=\"elementor-container elementor-column-gap-default\">\n\t\t\t\t\t<div class=\"elementor-column elementor-col-100 elementor-inner-column elementor-element elementor-element-7b68972\" data-id=\"7b68972\" data-element_type=\"column\">\n\t\t\t<div class=\"elementor-widget-wrap elementor-element-populated\">\n\t\t\t\t\t\t<div class=\"elementor-element elementor-element-26a6290 elementor-widget elementor-widget-text-editor\" data-id=\"26a6290\" data-element_type=\"widget\" data-widget_type=\"text-editor.default\">\n\t\t\t\t<div class=\"elementor-widget-container\">\n\t\t\t\t\t\t\t\t\t<p><strong>I en v\u00e4rld d\u00e4r information \u00e4r b\u00e5de ett verktyg och ett vapen, \u00e4r f\u00f6rm\u00e5gan att skydda och st\u00e4rka det psykologiska f\u00f6rsvaret avg\u00f6rande f\u00f6r s\u00e5v\u00e4l organisationer som individer.<\/strong><\/p><p>Mot denna bakgrund presenterar Myndigheten f\u00f6r Psykologiskt F\u00f6rsvar tv\u00e5 unika kurstillf\u00e4llen i direkt anslutning till evenemanget M\u00f6tesplats Samh\u00e4llss\u00e4kerhet. Men vem \u00e4r kurserna till f\u00f6r, och vad kan deltagarna f\u00f6rv\u00e4nta att l\u00e4ra sig? F\u00f6r att f\u00e5 svaren p\u00e5 dessa fr\u00e5gor v\u00e4nde vi oss till P\u00e4r Nor\u00e9n, Senior Analyst och utbildningssamordnare p\u00e5 myndigheten.<\/p><p><strong>Vem riktar sig kurserna till?<br \/><\/strong>Myndigheten har utformat tv\u00e5 kostnadsfria kurstillf\u00e4llen med olika m\u00e5lgrupper i \u00e5tanke:<\/p><ul><li><strong>M\u00e5ndagen den 18\/3 2024 kl. 15.00-17.15:<\/strong> F\u00f6rsta tillf\u00e4llet \u00e4r designat f\u00f6r ledare som vill st\u00e4rka organisationens psykologiska f\u00f6rsvar. M\u00e5lgrupp: F\u00f6r chefer och ledare<\/li><li><strong>Torsdagen den 21\/3 2024 kl. 09.00-11.15:<\/strong> Andra tillf\u00e4llet syftar till att utveckla individens f\u00f6rm\u00e5ga inom psykologiskt f\u00f6rsvar. M\u00e5lgrupp: F\u00f6r alla som arbetar inom totalf\u00f6rsvaret<\/li><\/ul><p><strong>Vad kommer man att f\u00e5 l\u00e4ra sig?<br \/><\/strong>Deltagarna kommer att f\u00e5 insikter i hur de kan bidra till och st\u00e4rka det psykologiska f\u00f6rsvaret. Detta inneb\u00e4r att f\u00f6rst\u00e5 sin roll, hur man kan st\u00e4rka sina n\u00e4tverk, medarbetare och sin organisation f\u00f6r att effektivt skydda sig mot otillb\u00f6rlig informationsp\u00e5verkan.<\/p><p><strong>Varf\u00f6r i anslutning till M\u00f6tesplats Samh\u00e4llss\u00e4kerhet?<br \/><\/strong>Valet att placera denna utbildning just i anslutning till M\u00f6tesplats Samh\u00e4llss\u00e4kerhet \u00e4r strategiskt. Evenemanget samlar ledande akt\u00f6rer fr\u00e5n offentlig sektor och n\u00e4ringsliv, vilket skapar en optimal milj\u00f6 f\u00f6r att sprida kunskap om och verktyg f\u00f6r psykologiskt f\u00f6rsvar.<\/p><p><strong>Hur anm\u00e4ler man sig?<br \/><\/strong>Anm\u00e4lan \u00e4r nu st\u00e4ngd.<\/p><p>I en tid d\u00e5 informationsp\u00e5verkan och psykologisk krigf\u00f6ring blivit allt mer sofistikerade, erbjuder Myndigheten f\u00f6r Psykologiskt F\u00f6rsvar verktyg och kunskap f\u00f6r att m\u00f6ta dessa utmaningar. Missa inte chansen att utrusta dig sj\u00e4lv och din organisation med n\u00f6dv\u00e4ndiga f\u00e4rdigheter f\u00f6r att navigera i det moderna informationslandskapet.<\/p>\t\t\t\t\t\t\t\t<\/div>\n\t\t\t\t<\/div>\n\t\t\t\t\t<\/div>\n\t\t<\/div>\n\t\t\t\t\t<\/div>\n\t\t<\/section>\n\t\t\t\t\t<\/div>\n\t\t<\/div>\n\t\t\t\t<div class=\"elementor-column elementor-col-50 elementor-top-column elementor-element elementor-element-41bc0a8\" data-id=\"41bc0a8\" data-element_type=\"column\">\n\t\t\t<div class=\"elementor-widget-wrap elementor-element-populated\">\n\t\t\t\t\t\t<div class=\"elementor-element elementor-element-2e6b1e3 elementor-widget elementor-widget-heading\" data-id=\"2e6b1e3\" data-element_type=\"widget\" data-widget_type=\"heading.default\">\n\t\t\t\t<div class=\"elementor-widget-container\">\n\t\t\t\t\t<h4 class=\"elementor-heading-title elementor-size-default\">Dela inl\u00e4gget:<\/h4>\t\t\t\t<\/div>\n\t\t\t\t<\/div>\n\t\t\t\t<div class=\"elementor-element elementor-element-9fbaefe elementor-share-buttons--view-icon elementor-share-buttons--color-custom elementor-share-buttons--skin-minimal elementor-share-buttons--shape-circle elementor-grid-0 elementor-widget elementor-widget-share-buttons\" data-id=\"9fbaefe\" data-element_type=\"widget\" data-widget_type=\"share-buttons.default\">\n\t\t\t\t<div class=\"elementor-widget-container\">\n\t\t\t\t\t\t\t<div class=\"elementor-grid\" role=\"list\">\n\t\t\t\t\t\t\t\t<div class=\"elementor-grid-item\" role=\"listitem\">\n\t\t\t\t\t\t<div class=\"elementor-share-btn elementor-share-btn_facebook\" role=\"button\" tabindex=\"0\" aria-label=\"Share on facebook\">\n\t\t\t\t\t\t\t\t\t\t\t\t\t\t\t<span class=\"elementor-share-btn__icon\">\n\t\t\t\t\t\t\t\t<i class=\"fab fa-facebook\" aria-hidden=\"true\"><\/i>\t\t\t\t\t\t\t<\/span>\n\t\t\t\t\t\t\t\t\t\t\t\t\t\t\t\t\t\t\t\t<\/div>\n\t\t\t\t\t<\/div>\n\t\t\t\t\t\t\t\t\t<div class=\"elementor-grid-item\" role=\"listitem\">\n\t\t\t\t\t\t<div class=\"elementor-share-btn elementor-share-btn_linkedin\" role=\"button\" tabindex=\"0\" aria-label=\"Share on linkedin\">\n\t\t\t\t\t\t\t\t\t\t\t\t\t\t\t<span class=\"elementor-share-btn__icon\">\n\t\t\t\t\t\t\t\t<i class=\"fab fa-linkedin\" aria-hidden=\"true\"><\/i>\t\t\t\t\t\t\t<\/span>\n\t\t\t\t\t\t\t\t\t\t\t\t\t\t\t\t\t\t\t\t<\/div>\n\t\t\t\t\t<\/div>\n\t\t\t\t\t\t<\/div>\n\t\t\t\t\t\t<\/div>\n\t\t\t\t<\/div>\n\t\t\t\t<div class=\"elementor-element elementor-element-c29b80e elementor-widget elementor-widget-heading\" data-id=\"c29b80e\" data-element_type=\"widget\" data-widget_type=\"heading.default\">\n\t\t\t\t<div class=\"elementor-widget-container\">\n\t\t\t\t\t<h4 class=\"elementor-heading-title elementor-size-default\">Senaste:<\/h4>\t\t\t\t<\/div>\n\t\t\t\t<\/div>\n\t\t\t\t<div class=\"elementor-element elementor-element-ea707d6 elementor-grid-1 elementor-grid-tablet-2 elementor-grid-mobile-1 elementor-posts--thumbnail-header elementor-card-shadow-yes elementor-posts__hover-gradient elementor-widget elementor-widget-posts\" data-id=\"ea707d6\" data-element_type=\"widget\" data-settings=\"{&quot;cards_wex_columns&quot;:&quot;1&quot;,&quot;cards_wex_columns_tablet&quot;:&quot;2&quot;,&quot;cards_wex_columns_mobile&quot;:&quot;1&quot;,&quot;cards_wex_row_gap&quot;:{&quot;unit&quot;:&quot;px&quot;,&quot;size&quot;:35,&quot;sizes&quot;:[]},&quot;cards_wex_row_gap_tablet&quot;:{&quot;unit&quot;:&quot;px&quot;,&quot;size&quot;:&quot;&quot;,&quot;sizes&quot;:[]},&quot;cards_wex_row_gap_mobile&quot;:{&quot;unit&quot;:&quot;px&quot;,&quot;size&quot;:&quot;&quot;,&quot;sizes&quot;:[]}}\" data-widget_type=\"posts.cards_wex\">\n\t\t\t\t<div class=\"elementor-widget-container\">\n\t\t\t\t\t\t\t<div class=\"elementor-posts-container elementor-posts elementor-posts--skin-cards elementor-grid\" role=\"list\">\n\t\t\t\t<article class=\"elementor-post elementor-grid-item post-51962 post type-post status-publish format-standard has-post-thumbnail hentry category-okategoriserad\" role=\"listitem\">\n\t\t\t<div class=\"elementor-post__card\">\n\t\t        <a class=\"elementor-post__thumbnail__link\" href=\"https:\/\/www.samhallssakerhet.se\/sv\/2026\/03\/12\/utan-ideella-krafter-stannar-sverige-sar-sweden-visar-vad-samhallsnytta-betyder-i-praktiken\/\">\n            <div class=\"elementor-post__thumbnail\"><img decoding=\"async\" width=\"485\" height=\"300\" src=\"https:\/\/easyfairsassets.com\/sites\/139\/2026\/03\/Blogg_SAR.png\" class=\"attachment-medium_large size-medium_large wp-image-51983\" alt=\"SAR\" srcset=\"https:\/\/easyfairsassets.com\/sites\/139\/2026\/03\/Blogg_SAR.png 485w, https:\/\/easyfairsassets.com\/sites\/139\/2026\/03\/Blogg_SAR-300x186.png 300w\" sizes=\"(max-width: 485px) 100vw, 485px\" \/><\/div>\n        <\/a>\n         <div data-type=\"post\" data-id=\"51962\" data-nonce=\"06af3093c4\" class=\"elementor-post__badge btn_feedback easyfairs_like post notsaved left\" tabindex=\"51962\" ><i class=\"fa fa-star-o\" aria-hidden=\"true\"><\/i><\/div>\t\t<div class=\"elementor-post__text\">\n\t\t\t\t<h3 class=\"elementor-post__title\">\n\t\t\t<a href=\"https:\/\/www.samhallssakerhet.se\/sv\/2026\/03\/12\/utan-ideella-krafter-stannar-sverige-sar-sweden-visar-vad-samhallsnytta-betyder-i-praktiken\/\" >\n\t\t\t\tUtan ideella krafter stannar Sverige \u2013 SAR Sweden visar vad samh\u00e4llsnytta betyder i praktiken\t\t\t<\/a>\n\t\t<\/h3>\n\t\t        <a href=\"https:\/\/www.samhallssakerhet.se\/sv\/2026\/03\/12\/utan-ideella-krafter-stannar-sverige-sar-sweden-visar-vad-samhallsnytta-betyder-i-praktiken\/\" class=\"elementor-post__excerpt\">\n            <p>Utan ideella krafter stannar Sverige SAR Sweden visar vad samh\u00e4llsnytta betyder i praktiken Inf\u00f6r M\u00f6tesplats Samh\u00e4llss\u00e4kerhet har vi tr\u00e4ffat Daniel Sandberg, grundare av SAR Sweden,<\/p>\n        <\/a>\n        \n\t\t<a class=\"elementor-post__read-more\" href=\"https:\/\/www.samhallssakerhet.se\/sv\/2026\/03\/12\/utan-ideella-krafter-stannar-sverige-sar-sweden-visar-vad-samhallsnytta-betyder-i-praktiken\/\" aria-label=\"Read more about Utan ideella krafter stannar Sverige \u2013 SAR Sweden visar vad samh\u00e4llsnytta betyder i praktiken\" tabindex=\"-1\" >\n\t\t\tL\u00e4s mer \u00bb\t\t<\/a>\n\n\t\t        <div class=\"elementor-post__meta-data\">\n            \t\t<span class=\"elementor-post-date\">\n\t\t\t12 mars, 2026\t\t<\/span>\n\t\t        <\/div>\n        \t\t<\/div>\n\t\t\t\t\t<\/div>\n\t\t<\/article>\n\t\t\t\t<article class=\"elementor-post elementor-grid-item post-51945 post type-post status-publish format-standard has-post-thumbnail hentry category-okategoriserad\" role=\"listitem\">\n\t\t\t<div class=\"elementor-post__card\">\n\t\t        <a class=\"elementor-post__thumbnail__link\" href=\"https:\/\/www.samhallssakerhet.se\/sv\/2026\/03\/11\/elementor-51945\/\">\n            <div class=\"elementor-post__thumbnail\"><img decoding=\"async\" width=\"485\" height=\"300\" src=\"https:\/\/easyfairsassets.com\/sites\/139\/2025\/10\/Blogg_Kultur-och-Kvalitet.png\" class=\"attachment-medium_large size-medium_large wp-image-51954\" alt=\"Kultur och Kvalitet\" srcset=\"https:\/\/easyfairsassets.com\/sites\/139\/2025\/10\/Blogg_Kultur-och-Kvalitet.png 485w, https:\/\/easyfairsassets.com\/sites\/139\/2025\/10\/Blogg_Kultur-och-Kvalitet-300x186.png 300w\" sizes=\"(max-width: 485px) 100vw, 485px\" \/><\/div>\n        <\/a>\n         <div data-type=\"post\" data-id=\"51945\" data-nonce=\"7557ecd13c\" class=\"elementor-post__badge btn_feedback easyfairs_like post notsaved left\" tabindex=\"51945\" ><i class=\"fa fa-star-o\" aria-hidden=\"true\"><\/i><\/div>\t\t<div class=\"elementor-post__text\">\n\t\t\t\t<h3 class=\"elementor-post__title\">\n\t\t\t<a href=\"https:\/\/www.samhallssakerhet.se\/sv\/2026\/03\/11\/elementor-51945\/\" >\n\t\t\t\tM\u00f6t Kultur och Kvalitet p\u00e5 M\u00f6tesplats Samh\u00e4llss\u00e4kerhet 2026\t\t\t<\/a>\n\t\t<\/h3>\n\t\t        <a href=\"https:\/\/www.samhallssakerhet.se\/sv\/2026\/03\/11\/elementor-51945\/\" class=\"elementor-post__excerpt\">\n            <p>Intervju med Johanna Bergsten Kultur och Kvalitet &#8211; workshops med AVTRYCK Hur skapar vi ett tryggt samh\u00e4lle d\u00e4r alla verkligen f\u00e5r plats \u2013 ocks\u00e5 personer<\/p>\n        <\/a>\n        \n\t\t<a class=\"elementor-post__read-more\" href=\"https:\/\/www.samhallssakerhet.se\/sv\/2026\/03\/11\/elementor-51945\/\" aria-label=\"Read more about M\u00f6t Kultur och Kvalitet p\u00e5 M\u00f6tesplats Samh\u00e4llss\u00e4kerhet 2026\" tabindex=\"-1\" >\n\t\t\tL\u00e4s mer \u00bb\t\t<\/a>\n\n\t\t        <div class=\"elementor-post__meta-data\">\n            \t\t<span class=\"elementor-post-date\">\n\t\t\t11 mars, 2026\t\t<\/span>\n\t\t        <\/div>\n        \t\t<\/div>\n\t\t\t\t\t<\/div>\n\t\t<\/article>\n\t\t\t\t<\/div>\n\t\t\n\t\t\t\t\t\t<\/div>\n\t\t\t\t<\/div>\n\t\t\t\t\t<\/div>\n\t\t<\/div>\n\t\t\t\t\t<\/div>\n\t\t<\/section>\n\t\t\t\t<section class=\"elementor-section elementor-top-section elementor-element elementor-element-862423e elementor-section-boxed elementor-section-height-default elementor-section-height-default\" data-id=\"862423e\" data-element_type=\"section\" data-settings=\"{&quot;background_background&quot;:&quot;gradient&quot;}\">\n\t\t\t\t\t\t<div class=\"elementor-container elementor-column-gap-default\">\n\t\t\t\t\t<div class=\"elementor-column elementor-col-50 elementor-top-column elementor-element elementor-element-a5e7998\" data-id=\"a5e7998\" data-element_type=\"column\">\n\t\t\t<div class=\"elementor-widget-wrap elementor-element-populated\">\n\t\t\t\t\t\t<div class=\"elementor-element elementor-element-089d245 elementor-widget elementor-widget-image\" data-id=\"089d245\" data-element_type=\"widget\" data-widget_type=\"image.default\">\n\t\t\t\t<div class=\"elementor-widget-container\">\n\t\t\t\t\t\t\t\t\t\t\t\t\t\t\t<img loading=\"lazy\" decoding=\"async\" width=\"800\" height=\"676\" src=\"https:\/\/easyfairsassets.com\/sites\/139\/2024\/09\/Iphone-mockup_samsak-1-1024x865.png\" class=\"attachment-large size-large wp-image-39144\" alt=\"Mobiltelefon med M\u00f6tesplats Samh\u00e4llss\u00e4kerhets logotyp\" srcset=\"https:\/\/easyfairsassets.com\/sites\/139\/2024\/09\/Iphone-mockup_samsak-1-1024x865.png 1024w, https:\/\/easyfairsassets.com\/sites\/139\/2024\/09\/Iphone-mockup_samsak-1-300x253.png 300w, https:\/\/easyfairsassets.com\/sites\/139\/2024\/09\/Iphone-mockup_samsak-1-768x649.png 768w, https:\/\/easyfairsassets.com\/sites\/139\/2024\/09\/Iphone-mockup_samsak-1-1536x1298.png 1536w, https:\/\/easyfairsassets.com\/sites\/139\/2024\/09\/Iphone-mockup_samsak-1.png 1920w\" sizes=\"(max-width: 800px) 100vw, 800px\" \/>\t\t\t\t\t\t\t\t\t\t\t\t\t\t\t<\/div>\n\t\t\t\t<\/div>\n\t\t\t\t\t<\/div>\n\t\t<\/div>\n\t\t\t\t<div class=\"elementor-column elementor-col-50 elementor-top-column elementor-element elementor-element-0a21754\" data-id=\"0a21754\" data-element_type=\"column\">\n\t\t\t<div class=\"elementor-widget-wrap elementor-element-populated\">\n\t\t\t\t\t\t<div class=\"elementor-element elementor-element-086cfe1 elementor-widget elementor-widget-heading\" data-id=\"086cfe1\" data-element_type=\"widget\" data-widget_type=\"heading.default\">\n\t\t\t\t<div class=\"elementor-widget-container\">\n\t\t\t\t\t<h2 class=\"elementor-heading-title elementor-size-default\">L\u00e5t oss h\u00e5lla kontakten!<\/h2>\t\t\t\t<\/div>\n\t\t\t\t<\/div>\n\t\t\t\t<div class=\"elementor-element elementor-element-19dd7a3 elementor-widget elementor-widget-heading\" data-id=\"19dd7a3\" data-element_type=\"widget\" data-widget_type=\"heading.default\">\n\t\t\t\t<div class=\"elementor-widget-container\">\n\t\t\t\t\t<h5 class=\"elementor-heading-title elementor-size-default\">Anm\u00e4l dig till v\u00e5rt nyhetsbrev och f\u00e5 den senaste informationen om m\u00f6tesplatsen. <\/h5>\t\t\t\t<\/div>\n\t\t\t\t<\/div>\n\t\t\t\t<div class=\"elementor-element elementor-element-d8bbbf6 elementor-button-align-start elementor-widget elementor-widget-form\" data-id=\"d8bbbf6\" data-element_type=\"widget\" data-settings=\"{&quot;step_next_label&quot;:&quot;Next&quot;,&quot;step_previous_label&quot;:&quot;Previous&quot;,&quot;button_width&quot;:&quot;100&quot;,&quot;step_type&quot;:&quot;number_text&quot;,&quot;step_icon_shape&quot;:&quot;circle&quot;}\" data-widget_type=\"form.default\">\n\t\t\t\t<div class=\"elementor-widget-container\">\n\t\t\t\t\t\t\t<form class=\"elementor-form\" method=\"post\" id=\"newsletter\" name=\"New Form\" aria-label=\"New Form\">\n\t\t\t<input type=\"hidden\" name=\"post_id\" value=\"31992\"\/>\n\t\t\t<input type=\"hidden\" name=\"form_id\" value=\"d8bbbf6\"\/>\n\t\t\t<input type=\"hidden\" name=\"referer_title\" value=\"\" \/>\n\n\t\t\t\n\t\t\t<div class=\"elementor-form-fields-wrapper elementor-labels-\">\n\t\t\t\t\t\t\t\t<div class=\"elementor-field-type-email elementor-field-group elementor-column elementor-field-group-Email elementor-col-100 elementor-field-required\">\n\t\t\t\t\t\t\t\t\t\t\t\t<label for=\"form-field-Email\" class=\"elementor-field-label elementor-screen-only\">\n\t\t\t\t\t\t\t\tE-post\t\t\t\t\t\t\t<\/label>\n\t\t\t\t\t\t\t\t\t\t\t\t\t\t<input size=\"1\" type=\"email\" name=\"form_fields[Email]\" id=\"form-field-Email\" class=\"elementor-field elementor-size-md  elementor-field-textual\" placeholder=\"E-post\" required=\"required\">\n\t\t\t\t\t\t\t\t\t\t\t<\/div>\n\t\t\t\t\t\t\t\t<div class=\"elementor-field-type-hidden elementor-field-group elementor-column elementor-field-group-Optin elementor-col-100\">\n\t\t\t\t\t\t\t\t\t\t\t\t\t<input size=\"1\" type=\"hidden\" name=\"form_fields[Optin]\" id=\"form-field-Optin\" class=\"elementor-field elementor-size-md  elementor-field-textual\" value=\"True\">\n\t\t\t\t\t\t\t\t\t\t\t<\/div>\n\t\t\t\t\t\t\t\t<div class=\"elementor-field-type-checkbox elementor-field-group elementor-column elementor-field-group-field_8e1c204 elementor-col-100\">\n\t\t\t\t\t<div class=\"elementor-field-subgroup  \"><span class=\"elementor-field-option\"><input type=\"checkbox\" value=\"Jag godk\u00e4nner att Easyfairs AB anv\u00e4nder min E-mail i marknadsf\u00f6ringssyfte.\" id=\"form-field-field_8e1c204-0\" name=\"form_fields[field_8e1c204]\"> <label for=\"form-field-field_8e1c204-0\">Jag godk\u00e4nner att Easyfairs AB anv\u00e4nder min E-mail i marknadsf\u00f6ringssyfte.<\/label><\/span><\/div>\t\t\t\t<\/div>\n\t\t\t\t\t\t\t\t<div class=\"elementor-field-type-recaptcha_v3 elementor-field-group elementor-column elementor-field-group-field_297d64f elementor-col-100 recaptcha_v3-bottomright\">\n\t\t\t\t\t<div class=\"elementor-field\" id=\"form-field-field_297d64f\"><div class=\"elementor-g-recaptcha\" data-sitekey=\"6Lfgx1MiAAAAACQrclYShfaAaJJaX_Jl9Zv6W8pJ\" data-type=\"v3\" data-action=\"Form\" data-badge=\"bottomright\" data-size=\"invisible\"><\/div><\/div>\t\t\t\t<\/div>\n\t\t\t\t\t\t\t\t<div class=\"elementor-field-group elementor-column elementor-field-type-submit elementor-col-100 e-form__buttons\">\n\t\t\t\t\t<button class=\"elementor-button elementor-size-md elementor-animation-grow\" type=\"submit\">\n\t\t\t\t\t\t<span class=\"elementor-button-content-wrapper\">\n\t\t\t\t\t\t\t\t\t\t\t\t\t\t\t\t\t\t\t\t\t\t<span class=\"elementor-button-text\">Nyhetsbrev, Ja tack!<\/span>\n\t\t\t\t\t\t\t\t\t\t\t\t\t<\/span>\n\t\t\t\t\t<\/button>\n\t\t\t\t<\/div>\n\t\t\t<\/div>\n\t\t<\/form>\n\t\t\t\t\t\t<\/div>\n\t\t\t\t<\/div>\n\t\t\t\t\t<\/div>\n\t\t<\/div>\n\t\t\t\t\t<\/div>\n\t\t<\/section>\n\t\t\t\t<\/div>\n\t\t","protected":false},"excerpt":{"rendered":"<p>I en v\u00e4rld d\u00e4r information \u00e4r b\u00e5de ett verktyg och ett vapen, \u00e4r f\u00f6rm\u00e5gan att skydda och st\u00e4rka det psykologiska f\u00f6rsvaret avg\u00f6rande f\u00f6r s\u00e5v\u00e4l organisationer som individer. Mot denna bakgrund presenterar Myndigheten f\u00f6r Psykologiskt F\u00f6rsvar tv\u00e5 unika kurstillf\u00e4llen i direkt anslutning till evenemanget M\u00f6tesplats Samh\u00e4llss\u00e4kerhet. Men vem \u00e4r kurserna till f\u00f6r, och vad kan deltagarna [&hellip;]<\/p>\n","protected":false},"author":952,"featured_media":31985,"comment_status":"closed","ping_status":"open","sticky":false,"template":"elementor_header_footer","format":"standard","meta":{"_seopress_robots_primary_cat":"none","_seopress_titles_title":"","_seopress_titles_desc":"","_seopress_robots_index":"","footnotes":""},"categories":[1],"tags":[527],"edition":[],"class_list":["post-31992","post","type-post","status-publish","format-standard","has-post-thumbnail","hentry","category-okategoriserad","tag-kurs"],"_links":{"self":[{"href":"https:\/\/www.samhallssakerhet.se\/sv\/wp-json\/wp\/v2\/posts\/31992","targetHints":{"allow":["GET"]}}],"collection":[{"href":"https:\/\/www.samhallssakerhet.se\/sv\/wp-json\/wp\/v2\/posts"}],"about":[{"href":"https:\/\/www.samhallssakerhet.se\/sv\/wp-json\/wp\/v2\/types\/post"}],"author":[{"embeddable":true,"href":"https:\/\/www.samhallssakerhet.se\/sv\/wp-json\/wp\/v2\/users\/952"}],"replies":[{"embeddable":true,"href":"https:\/\/www.samhallssakerhet.se\/sv\/wp-json\/wp\/v2\/comments?post=31992"}],"version-history":[{"count":5,"href":"https:\/\/www.samhallssakerhet.se\/sv\/wp-json\/wp\/v2\/posts\/31992\/revisions"}],"predecessor-version":[{"id":39863,"href":"https:\/\/www.samhallssakerhet.se\/sv\/wp-json\/wp\/v2\/posts\/31992\/revisions\/39863"}],"wp:featuredmedia":[{"embeddable":true,"href":"https:\/\/www.samhallssakerhet.se\/sv\/wp-json\/wp\/v2\/media\/31985"}],"wp:attachment":[{"href":"https:\/\/www.samhallssakerhet.se\/sv\/wp-json\/wp\/v2\/media?parent=31992"}],"wp:term":[{"taxonomy":"category","embeddable":true,"href":"https:\/\/www.samhallssakerhet.se\/sv\/wp-json\/wp\/v2\/categories?post=31992"},{"taxonomy":"post_tag","embeddable":true,"href":"https:\/\/www.samhallssakerhet.se\/sv\/wp-json\/wp\/v2\/tags?post=31992"},{"taxonomy":"edition","embeddable":true,"href":"https:\/\/www.samhallssakerhet.se\/sv\/wp-json\/wp\/v2\/edition?post=31992"}],"curies":[{"name":"wp","href":"https:\/\/api.w.org\/{rel}","templated":true}]}}